{"id":68561,"date":"2023-12-09T12:06:34","date_gmt":"2023-12-09T11:06:34","guid":{"rendered":"https:\/\/www.spring-reiter.de\/?p=68561"},"modified":"2023-12-09T12:06:38","modified_gmt":"2023-12-09T11:06:38","slug":"francois-mathy-loest-kevin-staut-als-praesident-der-springreiter-vereinigung-ab","status":"publish","type":"post","link":"https:\/\/www.spring-reiter.de\/en\/index.php\/2023\/12\/09\/francois-mathy-loest-kevin-staut-als-praesident-der-springreiter-vereinigung-ab\/","title":{"rendered":"Francois Mathy l\u00f6st Kevin Staut als Pr\u00e4sident der Springreiter-Vereinigung ab"},"content":{"rendered":"\n<p>Die internationale Springreiter-Vereinigung IJRC hat auf ihrer Jahresversammlung am Rande des CHI Genf unter anderem die Neubesetzung des IJRC-Pr\u00e4sidiums und des Vorstands gew\u00e4hlt. Als Nachfolger des scheidenden Pr\u00e4sident Kevin Staut wurde sein franz\u00f6sischer Kollege Fran\u00e7ois Mathy jr von den Clubmitgliedern gew\u00e4hlt. Der neue IJRC-Vorstand besteht aus Steve Guerdat, Michael Duffy, Richard Vogel, Ludger Beerbaum, Rodrigo Pessoa, Emilio Bicocchi, Kevin Staut und einem Vertreter der USA, der vom North American Riders Club gew\u00e4hlt wird.<\/p>\n\n\n\n<p>Zu den heikelsten Themen, die von den Reitern diskutiert wurden, geh\u00f6rten das Problem der Mindestpreise bei 1-Sterne-Turnieren, Nennungen und Extrageb\u00fchren, Probleme der st\u00e4ndigen Aktualisierungen der FEI TackApp (der FEI-Anwendung, die Informationen \u00fcber erlaubte und verbotene Ausr\u00fcstung, Ausr\u00fcstung und Kleidung bei FEI-Wettbewerben liefert), die neuen Regeln, die durch das FEI-Reglement f\u00fcr die Eliminierung von Pferden auferlegt wurden, und die Kriterien f\u00fcr die Vergabe von Ranglistenpunkten.<\/p>\n\n\n\n<p>An der IJRC-Versammlung nahmen auch Todd Hindle, der neue Direktor von FEI Jumping, Paule Gerritsen und Gaspard Dufourd teil und best\u00e4tigten damit die gute Zusammenarbeit mit der FEI. Die Reiter nutzten die Chance, einige wichtige Fragen zu den Hauptveranstaltungen der FEI anzusprechen. Henrik von Eckermann wies dabei darauf hin, dass der Boden beim Weltcup-Finale in Omaha f\u00fcr eine solche Veranstaltung nicht geeignet gewesen sei. Ben Maher prangerte seinerseits Fehler in der Organisation, der Infrastruktur und bei technischen Aspekten der Europameisterschaften in Mailand an. Er forderte die FEI auf, die f\u00fcr &#8220;Gro\u00dfveranstaltungen&#8221; zust\u00e4ndigen Organisationskomitees sorgf\u00e4ltiger zu bewerten. Seine Meinung wurde von den \u00fcbrigen Reitern geteilt.<\/p>\n\n\n\n<p>Die Beitr\u00e4ge von Peter und Harry Charles zum Thema Ranglistenpunkte bei Nationenpreisen wurden sehr begr\u00fc\u00dft. Sie wiesen darauf hin, dass die meisten Reiter der Meinung sind, dass bei Nationenpreisen mehr Punkte vergeben werden sollten als bei anderen Veranstaltungen.<\/p>\n","protected":false},"excerpt":{"rendered":"<p>Die internationale Springreiter-Vereinigung IJRC hat auf ihrer Jahresversammlung am Rande des CHI Genf unter anderem die Neubesetzung des IJRC-Pr\u00e4sidiums und des Vorstands gew\u00e4hlt. Als Nachfolger des scheidenden Pr\u00e4sident Kevin Staut wurde sein franz\u00f6sischer Kollege Fran\u00e7ois Mathy jr von den Clubmitgliedern gew\u00e4hlt. Der neue IJRC-Vorstand besteht aus Steve Guerdat, Michael Duffy, &hellip; <a class=\"kt-excerpt-readmore\" href=\"https:\/\/www.spring-reiter.de\/en\/index.php\/2023\/12\/09\/francois-mathy-loest-kevin-staut-als-praesident-der-springreiter-vereinigung-ab\/\" aria-label=\"Francois Mathy l\u00f6st Kevin Staut als Pr\u00e4sident der Springreiter-Vereinigung ab\">Read More<\/a><\/p>\n","protected":false},"author":3,"featured_media":68562,"comment_status":"closed","ping_status":"open","sticky":false,"template":"","format":"standard","meta":{"footnotes":""},"categories":[1],"tags":[],"class_list":["post-68561","post","type-post","status-publish","format-standard","has-post-thumbnail","hentry","category-allgemein"],"translation":{"provider":"WPGlobus","version":"3.0.2","language":"en","enabled_languages":["de","en"],"languages":{"de":{"title":true,"content":true,"excerpt":false},"en":{"title":false,"content":false,"excerpt":false}}},"_links":{"self":[{"href":"https:\/\/www.spring-reiter.de\/en\/index.php\/wp-json\/wp\/v2\/posts\/68561","targetHints":{"allow":["GET"]}}],"collection":[{"href":"https:\/\/www.spring-reiter.de\/en\/index.php\/wp-json\/wp\/v2\/posts"}],"about":[{"href":"https:\/\/www.spring-reiter.de\/en\/index.php\/wp-json\/wp\/v2\/types\/post"}],"author":[{"embeddable":true,"href":"https:\/\/www.spring-reiter.de\/en\/index.php\/wp-json\/wp\/v2\/users\/3"}],"replies":[{"embeddable":true,"href":"https:\/\/www.spring-reiter.de\/en\/index.php\/wp-json\/wp\/v2\/comments?post=68561"}],"version-history":[{"count":0,"href":"https:\/\/www.spring-reiter.de\/en\/index.php\/wp-json\/wp\/v2\/posts\/68561\/revisions"}],"wp:featuredmedia":[{"embeddable":true,"href":"https:\/\/www.spring-reiter.de\/en\/index.php\/wp-json\/wp\/v2\/media\/68562"}],"wp:attachment":[{"href":"https:\/\/www.spring-reiter.de\/en\/index.php\/wp-json\/wp\/v2\/media?parent=68561"}],"wp:term":[{"taxonomy":"category","embeddable":true,"href":"https:\/\/www.spring-reiter.de\/en\/index.php\/wp-json\/wp\/v2\/categories?post=68561"},{"taxonomy":"post_tag","embeddable":true,"href":"https:\/\/www.spring-reiter.de\/en\/index.php\/wp-json\/wp\/v2\/tags?post=68561"}],"curies":[{"name":"wp","href":"https:\/\/api.w.org\/{rel}","templated":true}]}}