{"id":68579,"date":"2023-12-09T19:22:48","date_gmt":"2023-12-09T18:22:48","guid":{"rendered":"https:\/\/www.spring-reiter.de\/?p=68579"},"modified":"2023-12-09T19:22:53","modified_gmt":"2023-12-09T18:22:53","slug":"victoria-hjorth-madsen-gewinnt-ey-cup-emelie-pieper-dritte-der-gesamtwertung","status":"publish","type":"post","link":"https:\/\/www.spring-reiter.de\/en\/index.php\/2023\/12\/09\/victoria-hjorth-madsen-gewinnt-ey-cup-emelie-pieper-dritte-der-gesamtwertung\/","title":{"rendered":"Victoria Hjorth-Madsen gewinnt EY-Cup, Emelie Pieper Dritte der Gesamtwertung!"},"content":{"rendered":"\n<p>Der European Youngster Cup U25, kurz nur EY-Cup genannt, ist eine der angesehensten FEI Nachwuchsspringsportserien in der Welt und hat schon manchem Nachwuchsreiter als Sprungbrett in den internationalen Top-Sport geholfen. Es ging also um etwas im Grand Prix mit Stechen \u00fcber 1,50m bei den Amadeus Horse Indoors in Salzburg, dem Finale der Tour 2023.<\/p>\n\n\n\n<p>17 Paare hatten sich in die Startliste des EY-Cup-Weltfinales eingetragen, aber nur zwei junge Reiterinnen aus D\u00e4nemark und \u00d6sterreich schafften es fehlerfrei ins Stechen.\u00a0 Die \u00d6sterreicherin Lena Binder ging mit ihrem Viano Z (v. Viper van Huize Ruisdael) als Erste in den verk\u00fcrzten Parcours, war schnell, hatte aber einen ungl\u00fccklichen Abwurf am Aussprung 7B der Kombination.\u00a0<\/p>\n\n\n\n<p>Damit war die Bahn frei f\u00fcr die 20-j\u00e4hrige Victoria Sophia Hjorth-Madsen aus D\u00e4nemark. Im Oktober belegte sie im EY Cup Grand Prix in Herning Platz 3 und heute in der Salzburgarena zeigte sie auf ihrem 11-j\u00e4hrigen deutschen Wallach Catwalk V (v. Cosmeo) die einzige Doppel-Nullrunde (46,92 Sekunden im Stechen). Das bedeutete sowohl den Etappen- als auch den Gesamtsieg im EY-Cup 2023 f\u00fcr die junge d\u00e4nische Springreiterin \u2013 und den vierten Platz in der Gesamtwertung f\u00fcr ihre \u00f6sterreichische Final-Konkurrentin.<\/p>\n\n\n\n<p>Als Gesamtf\u00fchrende war die deutsche Nachwuchsreiterin Emelie Pieper ins Finale gegangen. Doch in der Salzburgarena lief es nicht wie gewohnt, so dass sie in der Gesamtwertung auf den Bronze-Rang rutschte. Ihr Landsmann Max Haunhorst machte es andersherum: Mit Jack v\u2019t Plutoniahof&nbsp; (v. Hurlevent de Breka) kam er im Finale ohne Abwurf, nur mit drei Zeitstrafpunkten aus dem Umlauf und komplettierte so das Siegertreppchen. Und in der Gesamtwertung schob er sich damit noch bis auf Rang elf nach oben, gleich hinter Larissa M\u00fchling und f\u00fcnf Pl\u00e4tze vor Alia Knack.<\/p>\n\n\n\n<p>Das komplette Ergebnis des Finalspringens <a href=\"https:\/\/results.hippodata.de\/2023\/2377\/html\/de\/hippodata\/resultlist_10.html?style=salzburg-rot\">hier<\/a><\/p>\n\n\n\n<p>Die finale Rangliste <a href=\"https:\/\/results.hippodata.de\/2023\/2377\/docs\/eycup2023_rangliste_salzburg_2023_final.pdf\">hier<\/a><\/p>\n","protected":false},"excerpt":{"rendered":"<p>Der European Youngster Cup U25, kurz nur EY-Cup genannt, ist eine der angesehensten FEI Nachwuchsspringsportserien in der Welt und hat schon manchem Nachwuchsreiter als Sprungbrett in den internationalen Top-Sport geholfen. Es ging also um etwas im Grand Prix mit Stechen \u00fcber 1,50m bei den Amadeus Horse Indoors in Salzburg, dem &hellip; <a class=\"kt-excerpt-readmore\" href=\"https:\/\/www.spring-reiter.de\/en\/index.php\/2023\/12\/09\/victoria-hjorth-madsen-gewinnt-ey-cup-emelie-pieper-dritte-der-gesamtwertung\/\" aria-label=\"Victoria Hjorth-Madsen gewinnt EY-Cup, Emelie Pieper Dritte der Gesamtwertung!\">Read More<\/a><\/p>\n","protected":false},"author":3,"featured_media":68580,"comment_status":"closed","ping_status":"open","sticky":false,"template":"","format":"standard","meta":{"footnotes":""},"categories":[1],"tags":[],"class_list":["post-68579","post","type-post","status-publish","format-standard","has-post-thumbnail","hentry","category-allgemein"],"translation":{"provider":"WPGlobus","version":"3.0.2","language":"en","enabled_languages":["de","en"],"languages":{"de":{"title":true,"content":true,"excerpt":false},"en":{"title":false,"content":false,"excerpt":false}}},"_links":{"self":[{"href":"https:\/\/www.spring-reiter.de\/en\/index.php\/wp-json\/wp\/v2\/posts\/68579","targetHints":{"allow":["GET"]}}],"collection":[{"href":"https:\/\/www.spring-reiter.de\/en\/index.php\/wp-json\/wp\/v2\/posts"}],"about":[{"href":"https:\/\/www.spring-reiter.de\/en\/index.php\/wp-json\/wp\/v2\/types\/post"}],"author":[{"embeddable":true,"href":"https:\/\/www.spring-reiter.de\/en\/index.php\/wp-json\/wp\/v2\/users\/3"}],"replies":[{"embeddable":true,"href":"https:\/\/www.spring-reiter.de\/en\/index.php\/wp-json\/wp\/v2\/comments?post=68579"}],"version-history":[{"count":0,"href":"https:\/\/www.spring-reiter.de\/en\/index.php\/wp-json\/wp\/v2\/posts\/68579\/revisions"}],"wp:featuredmedia":[{"embeddable":true,"href":"https:\/\/www.spring-reiter.de\/en\/index.php\/wp-json\/wp\/v2\/media\/68580"}],"wp:attachment":[{"href":"https:\/\/www.spring-reiter.de\/en\/index.php\/wp-json\/wp\/v2\/media?parent=68579"}],"wp:term":[{"taxonomy":"category","embeddable":true,"href":"https:\/\/www.spring-reiter.de\/en\/index.php\/wp-json\/wp\/v2\/categories?post=68579"},{"taxonomy":"post_tag","embeddable":true,"href":"https:\/\/www.spring-reiter.de\/en\/index.php\/wp-json\/wp\/v2\/tags?post=68579"}],"curies":[{"name":"wp","href":"https:\/\/api.w.org\/{rel}","templated":true}]}}