{"id":68840,"date":"2023-12-15T23:52:00","date_gmt":"2023-12-15T22:52:00","guid":{"rendered":"https:\/\/www.spring-reiter.de\/?p=68840"},"modified":"2023-12-15T23:52:04","modified_gmt":"2023-12-15T22:52:04","slug":"tim-rieskamp-goedeking-und-coldplay-rocken-das-festhallen-reitturnier-in-frankfurt","status":"publish","type":"post","link":"https:\/\/www.spring-reiter.de\/en\/index.php\/2023\/12\/15\/tim-rieskamp-goedeking-und-coldplay-rocken-das-festhallen-reitturnier-in-frankfurt\/","title":{"rendered":"Tim Rieskamp-Goedeking und Coldplay rocken das Festhallen Reitturnier in Frankfurt"},"content":{"rendered":"\n<p>Sie gingen volles Risiko und das wurde belohnt: Als zweites Paar im Stechen galoppierten der 41-j\u00e4hrige Tim Rieskamp-Goedeking und sein 14-j\u00e4hriger Partner im Championat von Frankfurt, im FRAPORT Preis, in den Parcours und lieferten ein perfektes Stechen &#8211; schnell, vorausschauend, mutig und wahnsinnig wendig. <\/p>\n\n\n\n<p>F\u00fcr Coldplay und Tim Rieskamp-Goedeking war es der 13. internationale Sieg, der erste in einer internationalen Vier-Sterne-Pr\u00fcfung und \u2013 Achtung \u2013 der dritte in Frankfurt. Bereits im vergangenen Jahr hatte das Paar zwei Springen in der Festhalle gewonnen, darunter auch das Championat von Frankfurt am Freitagabend. Was f\u00fcr eine Erfolgsgeschichte!<\/p>\n\n\n\n<p>\u201eDass das hier speziell in Frankfurt letztes Jahr so geklappt hat und dieses Jahr gleich wieder so losgeht \u2013 das zeigt die St\u00e4rke von Coldplay\u201c, freute sich Tim Rieskamp-Goedeking. \u201eEs ist unglaublich, wie er in dieser Halle f\u00fcr mich k\u00e4mpft \u2013 das macht richtig Spa\u00df mit ihm.\u201c<br><br>Insgesamt hatten sich 14 Paare f\u00fcr das Stechen empfohlen, sechs davon blieben auch im Stechen fehlerfrei. Die ersten drei Pl\u00e4tze symbolisieren die Internationalit\u00e4t des Starterfeldes. Auf Platz zwei marschierte Omer Karaevli aus der T\u00fcrkei auf. Der Sieger hatte den Parcours in 32,81 Sekunden absolviert, Karaevli und Avant Toi waren 1,5 Sekunden langsamer. Dritter wurde der Franzose Edward Levy auf Catchar Mail.<\/p>\n\n\n\n<p>Sieger und Platzierte hatten gleich f\u00fcnf gute Gr\u00fcnde, sich \u00fcber ihre Erfolge zu freuen:<br>\u2022 F\u00fcr die internationale Springreiter ging es am Freitagabend beim Internationalen Festhallen Reitturnier Frankfurt zum ersten Mal um Weltranglistenpunkte. Das Ranking in der Weltrangliste entscheidet \u00fcber Startpl\u00e4tze auf gro\u00dfen Turnieren \u2013 auch in Frankfurts Vier-Sterne-Tour \u2013 das macht die Weltranglistenpunkte so begehrt.<br>\u2022 Au\u00dferdem ging es im Championat von Frankfurt, im FRAPORT Preis, um insgesamt 26.200 Euro Preisgeld, der Sieger erhielt zudem zus\u00e4tzlich einen Sonderehrenpreis der Stadt Frankfurt.<br>\u2022 Das Championat war zugleich die erste Qualifikation auf dem Weg zum Gro\u00dfen Preis.<br>\u2022 \u00dcber allem thront nat\u00fcrlich der sportliche Erfolg und der Stolz auf den Partner Pferd.<br>\u2022 Der sch\u00f6nste Ehrenpreis aber ist und bleibt der Applaus der Zuschauer \u2013 und die Zuschauer auf den voll besetzten Festhallen-R\u00e4ngen feierten Reiter und Pferde mit gro\u00dfartigem Jubel.<br><br>Der Samstag des 50. Jubil\u00e4ums-Turniers beginnt mit den Dressurreitern: dem Grand Prix Special, dem Preis der Liselott-Schindling-Stiftung, ab 8.30 Uhr, gefolgt vom Finale des N\u00dcRNBERGER Burg-Pokals. Ab 13.30 Uhr gehen wieder die Springreiter an den Start, im peiker CEE Champions Cup, der zweiten Qualifikation zum Gro\u00dfen Preis.<\/p>\n\n\n\n<p>Alle Ergebnisse aus Frankfurt:<a href=\"https:\/\/results.hsr-performance.de\/2023\/frankfurt\/\"> HIER <\/a><\/p>\n","protected":false},"excerpt":{"rendered":"<p>Sie gingen volles Risiko und das wurde belohnt: Als zweites Paar im Stechen galoppierten der 41-j\u00e4hrige Tim Rieskamp-Goedeking und sein 14-j\u00e4hriger Partner im Championat von Frankfurt, im FRAPORT Preis, in den Parcours und lieferten ein perfektes Stechen &#8211; schnell, vorausschauend, mutig und wahnsinnig wendig. F\u00fcr Coldplay und Tim Rieskamp-Goedeking war &hellip; <a class=\"kt-excerpt-readmore\" href=\"https:\/\/www.spring-reiter.de\/en\/index.php\/2023\/12\/15\/tim-rieskamp-goedeking-und-coldplay-rocken-das-festhallen-reitturnier-in-frankfurt\/\" aria-label=\"Tim Rieskamp-Goedeking und Coldplay rocken das Festhallen Reitturnier in Frankfurt\">Read More<\/a><\/p>\n","protected":false},"author":2,"featured_media":68842,"comment_status":"closed","ping_status":"open","sticky":false,"template":"","format":"standard","meta":{"footnotes":""},"categories":[1],"tags":[],"class_list":["post-68840","post","type-post","status-publish","format-standard","has-post-thumbnail","hentry","category-allgemein"],"translation":{"provider":"WPGlobus","version":"3.0.2","language":"en","enabled_languages":["de","en"],"languages":{"de":{"title":true,"content":true,"excerpt":false},"en":{"title":false,"content":false,"excerpt":false}}},"_links":{"self":[{"href":"https:\/\/www.spring-reiter.de\/en\/index.php\/wp-json\/wp\/v2\/posts\/68840","targetHints":{"allow":["GET"]}}],"collection":[{"href":"https:\/\/www.spring-reiter.de\/en\/index.php\/wp-json\/wp\/v2\/posts"}],"about":[{"href":"https:\/\/www.spring-reiter.de\/en\/index.php\/wp-json\/wp\/v2\/types\/post"}],"author":[{"embeddable":true,"href":"https:\/\/www.spring-reiter.de\/en\/index.php\/wp-json\/wp\/v2\/users\/2"}],"replies":[{"embeddable":true,"href":"https:\/\/www.spring-reiter.de\/en\/index.php\/wp-json\/wp\/v2\/comments?post=68840"}],"version-history":[{"count":0,"href":"https:\/\/www.spring-reiter.de\/en\/index.php\/wp-json\/wp\/v2\/posts\/68840\/revisions"}],"wp:featuredmedia":[{"embeddable":true,"href":"https:\/\/www.spring-reiter.de\/en\/index.php\/wp-json\/wp\/v2\/media\/68842"}],"wp:attachment":[{"href":"https:\/\/www.spring-reiter.de\/en\/index.php\/wp-json\/wp\/v2\/media?parent=68840"}],"wp:term":[{"taxonomy":"category","embeddable":true,"href":"https:\/\/www.spring-reiter.de\/en\/index.php\/wp-json\/wp\/v2\/categories?post=68840"},{"taxonomy":"post_tag","embeddable":true,"href":"https:\/\/www.spring-reiter.de\/en\/index.php\/wp-json\/wp\/v2\/tags?post=68840"}],"curies":[{"name":"wp","href":"https:\/\/api.w.org\/{rel}","templated":true}]}}