{"id":68937,"date":"2023-12-21T11:32:11","date_gmt":"2023-12-21T10:32:11","guid":{"rendered":"https:\/\/www.spring-reiter.de\/?p=68937"},"modified":"2023-12-21T13:38:06","modified_gmt":"2023-12-21T12:38:06","slug":"weihnachtszauber-und-superstars-bei-jumping-mechelen","status":"publish","type":"post","link":"https:\/\/www.spring-reiter.de\/en\/index.php\/2023\/12\/21\/weihnachtszauber-und-superstars-bei-jumping-mechelen\/","title":{"rendered":"Weihnachtszauber und Superstars bei Jumping Mechelen"},"content":{"rendered":"\n<p>In weniger als einer Woche f\u00e4llt der Startschuss zum Jumping Mechelen  in Nekkerhal: In drei Disziplinen werden dann spannende Weltcup-Pr\u00fcfungen ausgetragen. <\/p>\n\n\n\n<p><strong>Die Titelverteidiger Wilm Vermeir und IQ Van&#8217;t Steentje sind bereit f\u00fcr den Longines FEI World Cup Jumping.<\/strong><br>&#8220;Ich w\u00fcrde diesen Weltcup mit keinem anderen Pferd reiten wollen&#8221;.<\/p>\n\n\n\n<p>Wilm wird die Geschichte seines Sieges noch viele Male erz\u00e4hlen m\u00fcssen. Vor allem bei Gelegenheiten wie dieser, wenn das Jumping Mechelen 2023 nur noch wenige Tage entfernt ist. Wilm: &#8220;Werde ich oft auf das Jumping Mechelen angesprochen? Auf jeden Fall! So viele Leute fragen mich, ob ich gut in Form bin, w\u00fcnschen mir Erfolg, sagen mir, dass sie da sein werden, um mich zu unterst\u00fctzen\u2026 Das ist unglaublich. Das gibt mir so viel Energie. Ich werde alles tun, was ich kann, um meine Fans stolz zu machen. Den FEI Jumping World Cup in Mechelen zwei Mal hintereinander zu gewinnen, w\u00e4re etwas ganz Besonderes. Vielleicht sogar unm\u00f6glich\u2026 Aber ich werde es versuchen.&#8221;<\/p>\n\n\n\n<p>Das beste Pferd im Stall<br>Nat\u00fcrlich holt Wilm sein Spitzenpferd zur Unterst\u00fctzung. &#8220;Auf jeden Fall wird IQ im Weltcup antreten. Ich w\u00fcrde mit keinem anderen Pferd in dieser Pr\u00fcfung reiten wollen. Er ist unser ganzer Stolz. Er hat es verdient, dabei zu sein.&#8221; Aber vielleicht ist die Popularit\u00e4t, die das Duo derzeit genie\u00dft, eine zus\u00e4tzliche Herausforderung. Wilm: &#8220;IQ ist sehr ger\u00e4uschempfindlich. Und ich vermute, dass das Publikum ziemlich laut sein k\u00f6nnte. Das k\u00f6nnte also knifflig werden. Wir werden sehen\u2026&#8221;<\/p>\n\n\n\n<p><strong>Der amtierende Weltmeister und viele Olympiahelden werden beim 5-Sterne-Springen von Jumping Mechelen an den Start gehen.<\/strong><\/p>\n\n\n\n<p><br>Viele internationale Legenden ziehen es vor, die Ferienzeit nirgendwo anders als bei Jumping Mechelen zu verbringen. Der prominenteste Name unter ihnen ist Henrik Von Eckermann: die aktuelle Nummer 1 der Welt, amtierender Weltmeister, der j\u00fcngste Gewinner des Weltcup-Finales, Olympiasieger mit der Mannschaft\u2026 und das alles mit dem belgischen Pferd King Edward.<br>Von Eckermann hat eine besondere Beziehung zu Jumping Mechelen: &#8220;Ich habe hier 2012 meinen ersten FEI-Weltcup mit Gotha FRH gewonnen. Das sind wirklich sch\u00f6ne Erinnerungen. Das Publikum ist fantastisch, und es macht mir wirklich Spa\u00df, hier mitzumachen.&#8221;<\/p>\n\n\n\n<p><br>Sein bereits legend\u00e4res Pferd King Edward wird zwischen Weihnachten und Neujahr nicht an den Start gehen. Er genie\u00dft derzeit eine wohlverdiente Pause. Henrik sagt: &#8220;King Edward wird in dieser Saison nur beim FEI Jumping World Cup in Basel antreten. Danach werde ich nat\u00fcrlich auch mit ihm beim Weltcup-Finale in Riad antreten, das wir letztes Jahr gemeinsam gewonnen haben. Das sind die einzigen Hallenturniere, an denen er dieses Jahr teilnehmen wird. Ich m\u00f6chte mich ganz auf die Freiluftsaison konzentrieren. Die Olympischen Spiele r\u00fccken schnell n\u00e4her, und das ist nat\u00fcrlich unser gr\u00f6\u00dftes Ziel.&#8221;<\/p>\n\n\n\n<p>An Pferdest\u00e4rken mangelt es im Stall von Eckermann nicht. In diesem Jahr peilt er mit der Stute Dzara Dorchival den Weltcup-Sieg an. Sie hat in diesem Jahr bereits bei den FEI Jumping World Cups in Oslo und Helsinki mit den Pl\u00e4tzen 11 und 3 auf sich aufmerksam gemacht.<\/p>\n\n\n\n<p><br>Auch wenn Henrik Von Eckermanns Erfolgsbilanz beeindruckend ist, werden ihn beim Jumping Mechelen 2023 viele andere Stars herausfordern. Daniel  Deusser,  Christian Ahlmann , Roger-Yves Bost , Gr\u00e9gory Wathelet  haben alle olympische Medaillen und eine Troph\u00e4e von Jumping Mechelen in ihrer Sammlung. Die Franzosen Kevin Staut und Julien Epaillard &#8211; der schnellste Reiter der Welt &#8211; werden mit Sicherheit ebenfalls f\u00fcr ein Feuerwerk sorgen. Und nat\u00fcrlich haben auch die besten Belgier das Jumping Mechelen im Visier. Der belgische Meister Gilles Thomas, Pieter Devos, Nicola und Olivier Philippaerts, Niels Bruynseels, Jos Verlooy\u2026 sie alle wollen die Weihnachtsarena betreten und ihren Fans einen tollen Jahresabschluss bieten.<br><a href=\"https:\/\/jumping-mechelen.com\/programme\/jumping\/\">&nbsp;View all participants in the 5-star jumping competitions here.<\/a><\/p>\n","protected":false},"excerpt":{"rendered":"<p>In weniger als einer Woche f\u00e4llt der Startschuss zum Jumping Mechelen in Nekkerhal: In drei Disziplinen werden dann spannende Weltcup-Pr\u00fcfungen ausgetragen. Die Titelverteidiger Wilm Vermeir und IQ Van&#8217;t Steentje sind bereit f\u00fcr den Longines FEI World Cup Jumping.&#8220;Ich w\u00fcrde diesen Weltcup mit keinem anderen Pferd reiten wollen&#8221;. Wilm wird die &hellip; <a class=\"kt-excerpt-readmore\" href=\"https:\/\/www.spring-reiter.de\/en\/index.php\/2023\/12\/21\/weihnachtszauber-und-superstars-bei-jumping-mechelen\/\" aria-label=\"Weihnachtszauber und Superstars bei Jumping Mechelen\">Read More<\/a><\/p>\n","protected":false},"author":2,"featured_media":68944,"comment_status":"closed","ping_status":"open","sticky":false,"template":"","format":"standard","meta":{"footnotes":""},"categories":[1],"tags":[],"class_list":["post-68937","post","type-post","status-publish","format-standard","has-post-thumbnail","hentry","category-allgemein"],"translation":{"provider":"WPGlobus","version":"3.0.2","language":"en","enabled_languages":["de","en"],"languages":{"de":{"title":true,"content":true,"excerpt":false},"en":{"title":false,"content":false,"excerpt":false}}},"_links":{"self":[{"href":"https:\/\/www.spring-reiter.de\/en\/index.php\/wp-json\/wp\/v2\/posts\/68937","targetHints":{"allow":["GET"]}}],"collection":[{"href":"https:\/\/www.spring-reiter.de\/en\/index.php\/wp-json\/wp\/v2\/posts"}],"about":[{"href":"https:\/\/www.spring-reiter.de\/en\/index.php\/wp-json\/wp\/v2\/types\/post"}],"author":[{"embeddable":true,"href":"https:\/\/www.spring-reiter.de\/en\/index.php\/wp-json\/wp\/v2\/users\/2"}],"replies":[{"embeddable":true,"href":"https:\/\/www.spring-reiter.de\/en\/index.php\/wp-json\/wp\/v2\/comments?post=68937"}],"version-history":[{"count":0,"href":"https:\/\/www.spring-reiter.de\/en\/index.php\/wp-json\/wp\/v2\/posts\/68937\/revisions"}],"wp:featuredmedia":[{"embeddable":true,"href":"https:\/\/www.spring-reiter.de\/en\/index.php\/wp-json\/wp\/v2\/media\/68944"}],"wp:attachment":[{"href":"https:\/\/www.spring-reiter.de\/en\/index.php\/wp-json\/wp\/v2\/media?parent=68937"}],"wp:term":[{"taxonomy":"category","embeddable":true,"href":"https:\/\/www.spring-reiter.de\/en\/index.php\/wp-json\/wp\/v2\/categories?post=68937"},{"taxonomy":"post_tag","embeddable":true,"href":"https:\/\/www.spring-reiter.de\/en\/index.php\/wp-json\/wp\/v2\/tags?post=68937"}],"curies":[{"name":"wp","href":"https:\/\/api.w.org\/{rel}","templated":true}]}}