{"id":68950,"date":"2023-12-22T23:00:48","date_gmt":"2023-12-22T22:00:48","guid":{"rendered":"https:\/\/www.spring-reiter.de\/?p=68950"},"modified":"2023-12-22T23:00:52","modified_gmt":"2023-12-22T22:00:52","slug":"sieg-plus-platzierung-fuer-david-will-zum-auftakt-in-abu-dhabi","status":"publish","type":"post","link":"https:\/\/www.spring-reiter.de\/en\/index.php\/2023\/12\/22\/sieg-plus-platzierung-fuer-david-will-zum-auftakt-in-abu-dhabi\/","title":{"rendered":"Sieg plus Platzierung f\u00fcr David Will zum Auftakt in Abu Dhabi"},"content":{"rendered":"\n<p>Das war schon mal ein vielversprechender Auftakt f\u00fcr den 4* Weltcup in Abu Dhabi. Im Zwei-Phasen-Springen \u00fcber 1,45m ging es am ersten Turniertag um knapp 32.000 Euro Preisgeld \u2013 und den L\u00f6wenanteil sicherte sich David Will als Sieger und Elfter.<\/p>\n\n\n\n<p>Auf Zinedream (v. Zinedine) kam er nach 29,51 Sekunden fehlerfrei am Ende der zweiten Phase an und war damit 11 Hundertstel schneller als der Syrer Sham Al Assad auf Artist de Capucine, der Zweiter vor seinem Landsmann Shady Ghrayeb auf Cabernet de Mars wurde. Mit My Prins van Dorperheide (v. Zilverstar T) hatte sich David Will vorher zum Eingew\u00f6hnen mehr Zeit gelassen, war auch fehlerfrei und platzierte sich mit 35,10 Sekunden ein zweites Mal, auf dem elften Rang.<\/p>\n\n\n\n<p>Seine Stall-Kollegin Sophie Hinners stockte den Pr\u00e4mientopf von VW Equestrian auch mit auf, als F\u00fcnfte auf dem erst achtj\u00e4hrige Schweden Singclair, mit dem zuvor Peder Fredricson unterwegs war. Unmittelbar hinter ihr, mit knapp 0,3 Sekunden Abstand, platzierte sich Robin Naeve mit Casalia R auf Rang sechs.<\/p>\n\n\n\n<p>Es war sozusagen die Einstimmung, der H\u00f6hepunkt in Abu Dhabi wartet am Sonntagnachmittag mit dem Weltcup-Springen \u00fcber 1,55m, das in zwei Runden entschieden wird.<\/p>\n\n\n\n<p>Das komplette Ergebnis <a href=\"https:\/\/www.uaeerf.ae\/en\/Content\/download?ride=&amp;code=19&amp;ID=0004798\">hier<\/a><\/p>\n","protected":false},"excerpt":{"rendered":"<p>Das war schon mal ein vielversprechender Auftakt f\u00fcr den 4* Weltcup in Abu Dhabi. Im Zwei-Phasen-Springen \u00fcber 1,45m ging es am ersten Turniertag um knapp 32.000 Euro Preisgeld \u2013 und den L\u00f6wenanteil sicherte sich David Will als Sieger und Elfter. Auf Zinedream (v. Zinedine) kam er nach 29,51 Sekunden fehlerfrei &hellip; <a class=\"kt-excerpt-readmore\" href=\"https:\/\/www.spring-reiter.de\/en\/index.php\/2023\/12\/22\/sieg-plus-platzierung-fuer-david-will-zum-auftakt-in-abu-dhabi\/\" aria-label=\"Sieg plus Platzierung f\u00fcr David Will zum Auftakt in Abu Dhabi\">Read More<\/a><\/p>\n","protected":false},"author":3,"featured_media":65408,"comment_status":"closed","ping_status":"open","sticky":false,"template":"","format":"standard","meta":{"footnotes":""},"categories":[1],"tags":[],"class_list":["post-68950","post","type-post","status-publish","format-standard","has-post-thumbnail","hentry","category-allgemein"],"translation":{"provider":"WPGlobus","version":"3.0.2","language":"en","enabled_languages":["de","en"],"languages":{"de":{"title":true,"content":true,"excerpt":false},"en":{"title":false,"content":false,"excerpt":false}}},"_links":{"self":[{"href":"https:\/\/www.spring-reiter.de\/en\/index.php\/wp-json\/wp\/v2\/posts\/68950","targetHints":{"allow":["GET"]}}],"collection":[{"href":"https:\/\/www.spring-reiter.de\/en\/index.php\/wp-json\/wp\/v2\/posts"}],"about":[{"href":"https:\/\/www.spring-reiter.de\/en\/index.php\/wp-json\/wp\/v2\/types\/post"}],"author":[{"embeddable":true,"href":"https:\/\/www.spring-reiter.de\/en\/index.php\/wp-json\/wp\/v2\/users\/3"}],"replies":[{"embeddable":true,"href":"https:\/\/www.spring-reiter.de\/en\/index.php\/wp-json\/wp\/v2\/comments?post=68950"}],"version-history":[{"count":0,"href":"https:\/\/www.spring-reiter.de\/en\/index.php\/wp-json\/wp\/v2\/posts\/68950\/revisions"}],"wp:featuredmedia":[{"embeddable":true,"href":"https:\/\/www.spring-reiter.de\/en\/index.php\/wp-json\/wp\/v2\/media\/65408"}],"wp:attachment":[{"href":"https:\/\/www.spring-reiter.de\/en\/index.php\/wp-json\/wp\/v2\/media?parent=68950"}],"wp:term":[{"taxonomy":"category","embeddable":true,"href":"https:\/\/www.spring-reiter.de\/en\/index.php\/wp-json\/wp\/v2\/categories?post=68950"},{"taxonomy":"post_tag","embeddable":true,"href":"https:\/\/www.spring-reiter.de\/en\/index.php\/wp-json\/wp\/v2\/tags?post=68950"}],"curies":[{"name":"wp","href":"https:\/\/api.w.org\/{rel}","templated":true}]}}