{"id":69070,"date":"2023-12-31T14:04:33","date_gmt":"2023-12-31T13:04:33","guid":{"rendered":"https:\/\/www.spring-reiter.de\/?p=69070"},"modified":"2023-12-31T14:04:36","modified_gmt":"2023-12-31T13:04:36","slug":"mandato-van-de-neerheide-farbenfroher-belgier","status":"publish","type":"post","link":"https:\/\/www.spring-reiter.de\/en\/index.php\/2023\/12\/31\/mandato-van-de-neerheide-farbenfroher-belgier\/","title":{"rendered":"Mandato van de Neerheide: Farbenfroher Belgier"},"content":{"rendered":"\n<p>Christian Ahlmann hat mit seinem Sieg im World Cup Springen im belgischen Mechelen auf seinem im auffallenden Outfit galoppierenden Mandato van de Neerheide die Fachwelt und das gro\u00dfe Publikum erobert. Der Fuchs, geb. 2012, v. Emerald van\u2019t Ruytershof a.d. Conga van de Neerheide v. Pommeau du Heup-Ramiro-Alm\u00e9-Gotthard-Dollfarn pr\u00e4sentiert sich typisch f\u00fcr sein Pedigree. Der langj\u00e4hrige Gesch\u00e4ftsf\u00fchrer des Oldenburger Zuchtverbandes, Heiner Kanowski, hat f\u00fcr spring-reiter.de in der Ahnentafel gebl\u00e4ttert:<\/p>\n\n\n\n<p>Mandato van de Neerheide<\/p>\n\n\n\n<p>VATER<\/p>\n\n\n\n<p>Emerald van\u2019t Ruytershof v. Diamant de Semilly (v. Le Tot de Semilly v. Grand Veneur)-Elf III (v. Ibrahim-Ultimate xx)<\/p>\n\n\n\n<p>a.d. Carthina Z v. Carthago-Lys de Darmen (v. Et Hop x-Tanael v. Ibrahim)<\/p>\n\n\n\n<p>MUTTER<\/p>\n\n\n\n<p>Conga van de Neerheide v. Pommeau du Heup (v. Helios de la Cour II v. Papillon Rouge-Uriel-Starter-Ascot-Ibrahim)-Thurin (v. Grand Veneur-Quastor v. Ibrahim)-Natif de Corday-Jalisco<\/p>\n\n\n\n<p>a.d. Racyona Z v. Ramiro-Alm\u00e9 (v. Ibrahim)-Gotthard-Dollfarn (v. Dollart)<\/p>\n\n\n\n<p>Z\u00dcCHTER: Eric van Giel, BEL<\/p>\n\n\n\n<p>Der Belgier Mandato van de Neerheide zeigt Parallelen zu franz\u00f6sischen Zuchtrezepten. Eine erfolgreiche Koalition von zwei durchsetzungsstarken Leistungstr\u00e4gern aus Frankreich f\u00fchrt das Regiment in der Ahnengalerie von der Vererbungslegende Alm\u00e9, ebenso wie von Mandato van de Neerheide. Diese Parallele besteht aus Ibrahim und Ultimate xx. Auf der Vaterseite von Mandato tritt diese Koalition auf bei Diamant de Semilly (Vater: Le tot de Semilly ingezogen in der dritten Generation auf Ultimate xx; Muttervater: Elf III v. Ibrahim-Ultimate xx) und im Mutterstamm von Emerald van\u2018T Ruytershof tritt Ibrahim abermals in Erscheinung. Auf der Mutterseite ist die Koalition Ibrahim mal Ultimate xx bei Mandato van de Neerheides Muttervater Pommeau du Heup mit deutlichem Blutanschluss auf (dreifach Ibrahim und zweifach Ultimate xx) pr\u00e4sent. Im Mutterstamm von Mandato findet sich die klassische Zangersheide Generationsfolge Ramiro-Alm\u00e9-Gotthard und somit noch einmal \u00fcber Alm\u00e9 v. Ibrahim-Ultimate xx die Erfolgskoaliton aus Frankreich. Aus diesem Stamm ist kein Geringerer hervorgegangen als der Weltklasse-Vererber Tangelo van de Zuuthoeve, 1.60-erfolgreich mit Roelof Bril BEL.<\/p>\n\n\n\n<p>Das Gesamtbild des Mandato-Erbes wird von einer weiteren erfolgreichen Koalition bestimmt. Dieses zweite Mandat stammt aus Holstein: Ramzes AA mal Cottage Son xx. Der Carthago-Vater Capitol I verk\u00f6rpert die Exzellenz dieses Schulterschlusses zweier Hengste, die auch bei Ramiro v. Raimond (v. Ramzes AA)-Cottage Son xx wiederzufinden ist.<\/p>\n\n\n\n<p>Das markante Farbenspiel von Mandato van de Neerheide d\u00fcrfte ein Erbe seiner V\u00e4ter sein. Sowohl in den vorderen Generationen traten Emerald und Pommeau du Heup ebenso wie der ber\u00fchmte Grand Veneur im Background der Ahnentafel im farbenfrohen Fuchs-Look auf. Das Leistungsgef\u00fcge unter dieser Decke ist bestimmt von zwei erfolgreichen Hengstkoalitionen an der ein Selle Francais (Ibrahim), ein Anglo Araber (Ramzes) und zwei Englische Vollbl\u00fcter (Ultimate und Cottage Son) beteiligt sind. Diese B\u00fcndnisse haben eine Ahnengalerie von Mandato van de Neerheide erschaffen, in der alle Hengste bis in die vierte Generation ausnahmslos im Spritzensport Erfolge vorweisen \u2013 eine bemerkenswerte Bilanz f\u00fcr die brillante belgische Springpferdezucht.<\/p>\n","protected":false},"excerpt":{"rendered":"<p>Christian Ahlmann hat mit seinem Sieg im World Cup Springen im belgischen Mechelen auf seinem im auffallenden Outfit galoppierenden Mandato van de Neerheide die Fachwelt und das gro\u00dfe Publikum erobert. Der Fuchs, geb. 2012, v. Emerald van\u2019t Ruytershof a.d. Conga van de Neerheide v. Pommeau du Heup-Ramiro-Alm\u00e9-Gotthard-Dollfarn pr\u00e4sentiert sich typisch &hellip; <a class=\"kt-excerpt-readmore\" href=\"https:\/\/www.spring-reiter.de\/en\/index.php\/2023\/12\/31\/mandato-van-de-neerheide-farbenfroher-belgier\/\" aria-label=\"Mandato van de Neerheide: Farbenfroher Belgier\">Read More<\/a><\/p>\n","protected":false},"author":3,"featured_media":69071,"comment_status":"closed","ping_status":"open","sticky":false,"template":"","format":"standard","meta":{"footnotes":""},"categories":[1],"tags":[],"class_list":["post-69070","post","type-post","status-publish","format-standard","has-post-thumbnail","hentry","category-allgemein"],"translation":{"provider":"WPGlobus","version":"3.0.2","language":"en","enabled_languages":["de","en"],"languages":{"de":{"title":true,"content":true,"excerpt":false},"en":{"title":false,"content":false,"excerpt":false}}},"_links":{"self":[{"href":"https:\/\/www.spring-reiter.de\/en\/index.php\/wp-json\/wp\/v2\/posts\/69070","targetHints":{"allow":["GET"]}}],"collection":[{"href":"https:\/\/www.spring-reiter.de\/en\/index.php\/wp-json\/wp\/v2\/posts"}],"about":[{"href":"https:\/\/www.spring-reiter.de\/en\/index.php\/wp-json\/wp\/v2\/types\/post"}],"author":[{"embeddable":true,"href":"https:\/\/www.spring-reiter.de\/en\/index.php\/wp-json\/wp\/v2\/users\/3"}],"replies":[{"embeddable":true,"href":"https:\/\/www.spring-reiter.de\/en\/index.php\/wp-json\/wp\/v2\/comments?post=69070"}],"version-history":[{"count":0,"href":"https:\/\/www.spring-reiter.de\/en\/index.php\/wp-json\/wp\/v2\/posts\/69070\/revisions"}],"wp:featuredmedia":[{"embeddable":true,"href":"https:\/\/www.spring-reiter.de\/en\/index.php\/wp-json\/wp\/v2\/media\/69071"}],"wp:attachment":[{"href":"https:\/\/www.spring-reiter.de\/en\/index.php\/wp-json\/wp\/v2\/media?parent=69070"}],"wp:term":[{"taxonomy":"category","embeddable":true,"href":"https:\/\/www.spring-reiter.de\/en\/index.php\/wp-json\/wp\/v2\/categories?post=69070"},{"taxonomy":"post_tag","embeddable":true,"href":"https:\/\/www.spring-reiter.de\/en\/index.php\/wp-json\/wp\/v2\/tags?post=69070"}],"curies":[{"name":"wp","href":"https:\/\/api.w.org\/{rel}","templated":true}]}}