{"id":69108,"date":"2024-01-03T16:53:20","date_gmt":"2024-01-03T15:53:20","guid":{"rendered":"https:\/\/www.spring-reiter.de\/?p=69108"},"modified":"2024-01-03T16:53:26","modified_gmt":"2024-01-03T15:53:26","slug":"von-tim-rieskamp-goedeking-bis-patrick-stuehlmeyer-agravis-cup-lockt-nach-muenster","status":"publish","type":"post","link":"https:\/\/www.spring-reiter.de\/en\/index.php\/2024\/01\/03\/von-tim-rieskamp-goedeking-bis-patrick-stuehlmeyer-agravis-cup-lockt-nach-muenster\/","title":{"rendered":"Von Tim Rieskamp-Goedeking bis Patrick St\u00fchlmeyer: Agravis Cup lockt nach M\u00fcnster"},"content":{"rendered":"\n<p>Wenige Tage vor Turnierbeginn steht Oliver Schulze Br\u00fcning die Freude ins Gesicht geschrieben. Denn die Nennungen f\u00fcr den AGRAVIS-Cup in M\u00fcnster sind \u00fcber die Feiertage f\u00f6rmlich nach oben geschnellt. \u201eWir werden sowohl qualitativ als auch quantitativ ein topbesetztes Teilnehmerfeld begr\u00fc\u00dfen k\u00f6nnen\u201c, frohlockt der Vorsitzende des Reiterverbandes M\u00fcnster. Zu den Springpr\u00fcfungen liegen dem Organisationsteam inzwischen mehr als 120 Nennungen f\u00fcr die Youngster Tour vor, rund 100 sind es f\u00fcr die Mittlere Tour und gut 80 f\u00fcr die Gro\u00dfe Tour. \u201eIm Gro\u00dfen Preis werden wir h\u00f6chstwahrscheinlich mit 60 Reiter-Pferde-Paaren das Maximum erreichen\u201c, so Schulze Br\u00fcning.<\/p>\n\n\n\n<p>Freuen d\u00fcrfen sich die Zuschauerinnen und Zuschauer auf viele bekannte Gesichter des Reitsports: Philipp Schulze Topphoff, im Vorjahr erst in der Nacht vor dem Gro\u00dfen Preis angereist, ist ebenso dabei wie seine Schwester Marie. Johannes und Kaya Ehning werden starten, als weiteres Ehepaar sind auch Mylene und Carsten-Otto Nagel in M\u00fcnster wieder dabei. Philip R\u00fcping und Patrick St\u00fchlmeyer, beide aus dem Turnierstall Schockem\u00f6hle, muss man immer auf der Rechnung haben, wenn es um den Sieg geht. Das gilt sicher auch f\u00fcr Stefan Engbers, 2023 in die Riege der Nationenpreisreiter aufger\u00fcckt, und Tim Rieskamp-Goedeking, Gewinner des LVM-Championats beim AGRAVIS-Cup im Januar 2023, sowie Andres Vereecke. Dem Belgier ist beim M\u00fcnsteraner Hallenturnier 2020 als bisher Einzigem in der langen Historie das Kunstst\u00fcck gelungen, Championat und Gro\u00dfen Preis in ein und demselben Jahr zu gewinnen. Auch bei Gerrit Nieberg passt der AGRAVIS-Cup in diesem Jahr wieder perfekt in die Turnierplanung. Titelverteidigerin im Gro\u00dfen Preis ist Marie Ligges.<\/p>\n\n\n\n<p>\u201eWir sind total gl\u00fccklich mit dem Starterfeld und sind \u00fcberzeugt, dass dem Publikum sowohl im Springen als auch in der Dressur toller Reitsport geboten wird\u201c, blickt Oliver Schulze Br\u00fcning dem Turnierbeginn mit gro\u00dfer Vorfreude entgegen. Bis es endlich losgeht, wartet auf ihn und das gro\u00dfe Team der ehrenamtlichen Helferinnen und Helfer noch reichlich Arbeit beim Aufbau in der Halle M\u00fcnsterland.<\/p>\n\n\n\n<p>Karten und alle weiteren Informationen gibt es unter <a href=\"https:\/\/u7061146.ct.sendgrid.net\/ls\/click?upn=4tNED-2FM8iDZJQyQ53jATUeaeS7Id9NsyrzT3ThVgbnpuoLzxPbSckpGbSFHeUdoQWjUt_OBO3IQuqUsPJ6kEUWjpjeAMKH00DiMNPhC7G9ZdFeVxwsR9cnIjai1f5WFo12TIrnP4yH4QFG79-2Fg8rGc-2FioW8EN0Mhvpnq4D20L6fwEOpp96Y7JVGZBTiNBUvGav2ZQBzR-2Fr-2BnpVOM4e9lotXfeMZajrmhiVpPAqAsNGY1g4Yvv-2FJfBfJA6PHsq3rF72Ew-2BbYcKjgTUWc90OpaHbae4vfOFa05k1olyLul32-2Bv55g5J9YL7opWEv0rgKerBSScjBlxrZmqA5QOvY4eH46afUmuW0Csq9BoAZyWZkDIsvqGBvanK-2Bt6VwhAXRW24Ydt9lD0znnEpnWUH32qZa8bmHEjEOx4NchPflNlg1fqcQEo-3D\" target=\"_blank\" rel=\"noreferrer noopener\">agraviscupm\u00fcnster.de<\/a><\/p>\n","protected":false},"excerpt":{"rendered":"<p>Wenige Tage vor Turnierbeginn steht Oliver Schulze Br\u00fcning die Freude ins Gesicht geschrieben. Denn die Nennungen f\u00fcr den AGRAVIS-Cup in M\u00fcnster sind \u00fcber die Feiertage f\u00f6rmlich nach oben geschnellt. \u201eWir werden sowohl qualitativ als auch quantitativ ein topbesetztes Teilnehmerfeld begr\u00fc\u00dfen k\u00f6nnen\u201c, frohlockt der Vorsitzende des Reiterverbandes M\u00fcnster. Zu den Springpr\u00fcfungen &hellip; <a class=\"kt-excerpt-readmore\" href=\"https:\/\/www.spring-reiter.de\/en\/index.php\/2024\/01\/03\/von-tim-rieskamp-goedeking-bis-patrick-stuehlmeyer-agravis-cup-lockt-nach-muenster\/\" aria-label=\"Von Tim Rieskamp-Goedeking bis Patrick St\u00fchlmeyer: Agravis Cup lockt nach M\u00fcnster\">Read More<\/a><\/p>\n","protected":false},"author":3,"featured_media":59675,"comment_status":"closed","ping_status":"open","sticky":false,"template":"","format":"standard","meta":{"footnotes":""},"categories":[1],"tags":[],"class_list":["post-69108","post","type-post","status-publish","format-standard","has-post-thumbnail","hentry","category-allgemein"],"translation":{"provider":"WPGlobus","version":"3.0.2","language":"en","enabled_languages":["de","en"],"languages":{"de":{"title":true,"content":true,"excerpt":false},"en":{"title":false,"content":false,"excerpt":false}}},"_links":{"self":[{"href":"https:\/\/www.spring-reiter.de\/en\/index.php\/wp-json\/wp\/v2\/posts\/69108","targetHints":{"allow":["GET"]}}],"collection":[{"href":"https:\/\/www.spring-reiter.de\/en\/index.php\/wp-json\/wp\/v2\/posts"}],"about":[{"href":"https:\/\/www.spring-reiter.de\/en\/index.php\/wp-json\/wp\/v2\/types\/post"}],"author":[{"embeddable":true,"href":"https:\/\/www.spring-reiter.de\/en\/index.php\/wp-json\/wp\/v2\/users\/3"}],"replies":[{"embeddable":true,"href":"https:\/\/www.spring-reiter.de\/en\/index.php\/wp-json\/wp\/v2\/comments?post=69108"}],"version-history":[{"count":0,"href":"https:\/\/www.spring-reiter.de\/en\/index.php\/wp-json\/wp\/v2\/posts\/69108\/revisions"}],"wp:featuredmedia":[{"embeddable":true,"href":"https:\/\/www.spring-reiter.de\/en\/index.php\/wp-json\/wp\/v2\/media\/59675"}],"wp:attachment":[{"href":"https:\/\/www.spring-reiter.de\/en\/index.php\/wp-json\/wp\/v2\/media?parent=69108"}],"wp:term":[{"taxonomy":"category","embeddable":true,"href":"https:\/\/www.spring-reiter.de\/en\/index.php\/wp-json\/wp\/v2\/categories?post=69108"},{"taxonomy":"post_tag","embeddable":true,"href":"https:\/\/www.spring-reiter.de\/en\/index.php\/wp-json\/wp\/v2\/tags?post=69108"}],"curies":[{"name":"wp","href":"https:\/\/api.w.org\/{rel}","templated":true}]}}