{"id":70676,"date":"2024-03-08T13:45:53","date_gmt":"2024-03-08T12:45:53","guid":{"rendered":"https:\/\/www.spring-reiter.de\/?p=70676"},"modified":"2024-03-08T13:45:56","modified_gmt":"2024-03-08T12:45:56","slug":"fruehjahrs-kollektion-der-oldenburger-ist-jetzt-online","status":"publish","type":"post","link":"https:\/\/www.spring-reiter.de\/en\/index.php\/2024\/03\/08\/fruehjahrs-kollektion-der-oldenburger-ist-jetzt-online\/","title":{"rendered":"Fr\u00fchjahrs-Kollektion der Oldenburger ist jetzt online"},"content":{"rendered":"\n<p>Ab sofort pr\u00e4sentiert sich die Kollektion der 101. Fr\u00fchjahrs Elite-Auktion des Oldenburger Pferdezuchtverbands mit 13. Sattelk\u00f6rung vom 12. bis 13. April mit Fotos, Videos und Detailbeschreibungen im Netz. Werfen Sie schon jetzt einen Blick auf die qualit\u00e4tsvollen Reitpferde und finden Sie Ihren zuk\u00fcnftigen Sportpartner f\u00fcr das Viereck oder den Parcours. Die Details der zum Verkauf stehenden Hengste folgen am 28. M\u00e4rz.<\/p>\n\n\n\n<p>Ob talentierter Youngster oder erfahrener Routinier f\u00fcr die kommende Turniersaison, die Kollektion \u00fcberzeugt mit qualit\u00e4tsvoller Vielfalt f\u00fcrs Viereck und den Parcours. Erleben Sie am 13. April, ab 14.00 Uhr, einen spannenden Auktionstag im Oldenburger Pferde Zentrum Vechta und sichern Sie sich Ihren Wunschkandidaten f\u00fcr Sport oder Zucht.<\/p>\n\n\n\n<p>Ab dem 23. M\u00e4rz haben Sie die M\u00f6glichkeit, Ihren Favoriten im Oldenburger Pferde Zentrum Vechta probezureiten. Die zum Verkauf stehenden Hengste k\u00f6nnen am Auktionstag, 13. April, zwischen 12.00 und 13.00 Uhr Probe geritten werden. Gerne ber\u00e4t Sie unser Team bei der richtigen Auswahl und vereinbart mit Ihnen einen Termin.<\/p>\n\n\n\n<p>Hier gelangen Sie zur Reitpferdekollektion: <a href=\"http:\/\/www.oldenburger-auktion.com\">www.oldenburger-auktion.com<\/a><\/p>\n\n\n\n<p>Selbstverst\u00e4ndlich k\u00f6nnen Sie Ihren Favoriten auch ganz bequem am Telefon per Bietauftrag oder <strong>neu \u00fcber die Plattform HORSE24 online<\/strong> ersteigern. <strong>Falls Sie noch keinen g\u00fcltigen<\/strong> <strong>Account bei HORSE24 besitzen, bitte registrieren Sie sich vorab<\/strong>. Bei technischen Problemen wenden Sie sich bitte an das HORSE24 Support-Team.<\/p>\n\n\n\n<p>Bei Fragen rund um die Auktion kontaktieren Sie bitte die Mitarbeiter des Oldenburger Auktionsb\u00fcros. Unser Team erf\u00fcllt wie gewohnt Ihre W\u00fcnsche.<\/p>\n\n\n\n<p><strong>Beratung und Kundenservice:<\/strong><\/p>\n\n\n\n<p><strong>Auktionsleiter und Gesch\u00e4ftsf\u00fchrer Oldenburger Pferde-Vermarktungs GmbH:<\/strong><strong><br><\/strong>Roland Metz: +49(0)171-4364651 oder <a href=\"http:\/\/metz.roland@oldenburger-pferde.com\">metz.roland@oldenburger-pferde.com<\/a><\/p>\n\n\n\n<p><strong>Dressurpferde:<\/strong><strong><br><\/strong>Thomas Rhinow: +49(0)172-9748487 oder <a href=\"mailto:rhinow.thomas@oldenburger-pferde.com\">rhinow.thomas@oldenburger-pferde.com<br><\/a>Daniel Pophanken: +49(0)175-2930926 oder <a href=\"mailto:pophanken.daniel@oldenburger-pferde.com\">pophanken.daniel@oldenburger-pferde.com<\/a><\/p>\n\n\n\n<p><strong>Springpferde:<\/strong><br>Philip B\u00f6lle:&nbsp;+49(0)171-1893792 oder&nbsp;<a href=\"mailto:boelle.philip@oldenburger-pferde.com\">boelle.philip@oldenburger-pferde.com<br><\/a>Benjamin Stratmann: +49(0)151-54408395 oder <a href=\"mailto:stratmann.benjamin@oldenburger-pferde.com\">stratmann.benjamin@oldenburger-pferde.com<\/a><\/p>\n\n\n\n<p><strong>Informationen:<br><\/strong>Elisabeth Gerberding: +49(0)4441-935512 oder <a href=\"mailto:gerberding.elisabeth@oldenburger-pferde.com\">gerberding.elisabeth@oldenburger-pferde.com<br><\/a>Heike Arends: +49(0)4441-935531 oder <a href=\"mailto:arends.heike@oldenburger-pferde.com\">arends.heike@oldenburger-pferde.com<\/a><\/p>\n\n\n\n<p>HORSE24 Support-Team:<strong><br><\/strong>Tel.+49(0)172-7267334 oder <a href=\"mailto:support@horse24.com\">support@horse24.com<\/a><\/p>\n","protected":false},"excerpt":{"rendered":"<p>Ab sofort pr\u00e4sentiert sich die Kollektion der 101. Fr\u00fchjahrs Elite-Auktion des Oldenburger Pferdezuchtverbands mit 13. Sattelk\u00f6rung vom 12. bis 13. April mit Fotos, Videos und Detailbeschreibungen im Netz. Werfen Sie schon jetzt einen Blick auf die qualit\u00e4tsvollen Reitpferde und finden Sie Ihren zuk\u00fcnftigen Sportpartner f\u00fcr das Viereck oder den Parcours. &hellip; <a class=\"kt-excerpt-readmore\" href=\"https:\/\/www.spring-reiter.de\/en\/index.php\/2024\/03\/08\/fruehjahrs-kollektion-der-oldenburger-ist-jetzt-online\/\" aria-label=\"Fr\u00fchjahrs-Kollektion der Oldenburger ist jetzt online\">Read More<\/a><\/p>\n","protected":false},"author":3,"featured_media":70677,"comment_status":"closed","ping_status":"open","sticky":false,"template":"","format":"standard","meta":{"footnotes":""},"categories":[1],"tags":[],"class_list":["post-70676","post","type-post","status-publish","format-standard","has-post-thumbnail","hentry","category-allgemein"],"translation":{"provider":"WPGlobus","version":"3.0.2","language":"en","enabled_languages":["de","en"],"languages":{"de":{"title":true,"content":true,"excerpt":false},"en":{"title":false,"content":false,"excerpt":false}}},"_links":{"self":[{"href":"https:\/\/www.spring-reiter.de\/en\/index.php\/wp-json\/wp\/v2\/posts\/70676","targetHints":{"allow":["GET"]}}],"collection":[{"href":"https:\/\/www.spring-reiter.de\/en\/index.php\/wp-json\/wp\/v2\/posts"}],"about":[{"href":"https:\/\/www.spring-reiter.de\/en\/index.php\/wp-json\/wp\/v2\/types\/post"}],"author":[{"embeddable":true,"href":"https:\/\/www.spring-reiter.de\/en\/index.php\/wp-json\/wp\/v2\/users\/3"}],"replies":[{"embeddable":true,"href":"https:\/\/www.spring-reiter.de\/en\/index.php\/wp-json\/wp\/v2\/comments?post=70676"}],"version-history":[{"count":0,"href":"https:\/\/www.spring-reiter.de\/en\/index.php\/wp-json\/wp\/v2\/posts\/70676\/revisions"}],"wp:featuredmedia":[{"embeddable":true,"href":"https:\/\/www.spring-reiter.de\/en\/index.php\/wp-json\/wp\/v2\/media\/70677"}],"wp:attachment":[{"href":"https:\/\/www.spring-reiter.de\/en\/index.php\/wp-json\/wp\/v2\/media?parent=70676"}],"wp:term":[{"taxonomy":"category","embeddable":true,"href":"https:\/\/www.spring-reiter.de\/en\/index.php\/wp-json\/wp\/v2\/categories?post=70676"},{"taxonomy":"post_tag","embeddable":true,"href":"https:\/\/www.spring-reiter.de\/en\/index.php\/wp-json\/wp\/v2\/tags?post=70676"}],"curies":[{"name":"wp","href":"https:\/\/api.w.org\/{rel}","templated":true}]}}