{"id":70839,"date":"2024-03-14T19:27:46","date_gmt":"2024-03-14T18:27:46","guid":{"rendered":"https:\/\/www.spring-reiter.de\/?p=70839"},"modified":"2024-03-15T19:27:42","modified_gmt":"2024-03-15T18:27:42","slug":"schwedischer-pferdesportverband-zeigt-reiter-bei-der-polizei-an","status":"publish","type":"post","link":"https:\/\/www.spring-reiter.de\/en\/index.php\/2024\/03\/14\/schwedischer-pferdesportverband-zeigt-reiter-bei-der-polizei-an\/","title":{"rendered":"Update: Schwedischer Reiter weist Vorw\u00fcrfe des Pferdesportverbandes entschieden zur\u00fcck!"},"content":{"rendered":"\n<p>Der schwedische Reitsportverband hat jetzt bekannt gegeben, dass man einen Reiter nach dem Erscheinen eines Zeitungsberichts bei der Polizei angezeigt habe: &#8220;Nach Informationen im Aftonbladet vom 11. M\u00e4rz \u00fcber das inakzeptable Verhalten eines Springreiters gegen\u00fcber Pferden und Personal hat der schwedische Pferdesportverband mit mehreren Personen Kontakt aufgenommen, die ein Verhalten bezeugen, das auf ein Verbrechen hindeuten k\u00f6nnte. Daher hat sich der Verband nun entschlossen, den Reiter bei der Polizei anzuzeigen.&#8221; Den Namen des Reiters nannte der Verband nicht, auch keine Details der Vow\u00fcrfe.<\/p>\n\n\n\n<p>Aber das franz\u00f6sische Fachmagazin &#8220;Grandprix&#8221; nannte Namen und Details: &#8220;Douglas Lindel\u00f6w wird von mehreren Grooms beschuldigt, Pferde misshandelt und nach schlechten Ritten streng korrigiert zu haben. Das schwedische Medium Sportbladet deckt dies in einer Untersuchung auf, die am Montag ver\u00f6ffentlicht wurde. Der Name des Reiters wird darin nicht genannt, aber mehrere Quellen best\u00e4tigen, dass es sich um den 30-J\u00e4hrigen handelt, der 2017 in G\u00f6teborg Vize-Mannschaftseuropameister, zweifacher Weltcup-Finalist und 2010 Europameister der Jungen Reiter war.&#8221; <\/p>\n\n\n\n<p>&#8220;In den letzten 24 Stunden haben wir mit mehreren Personen Kontakt aufgenommen, die den Reiter kennen. Nach deren Aussagen k\u00f6nnen wir eine Straftat im Umgang mit Pferden nicht ausschlie\u00dfen, weshalb wir uns entschlossen haben, Anzeige zu erstatten. Wenn der Verdacht einer Straftat besteht, ist es immer wichtig, die Polizei ermitteln zu lassen&#8221;, sagt Johan Fyrberg, Generalsekret\u00e4r des schwedischen Pferdesportverbandes.<\/p>\n\n\n\n<p>Am Montag hatte das Aftonbladet anonyme Aussagen \u00fcber den Reiter ver\u00f6ffentlicht. Gestern wurde beschlossen, ihn f\u00fcr alle Aktivit\u00e4ten der Nationalmannschaft pausieren zu lassen, w\u00e4hrend die Ermittlungen zur Kl\u00e4rung der Angelegenheit fortgesetzt werden. Der schwedische Pferdesportverband genehmigt ab heute auch keine internationalen Wettk\u00e4mpfe mehr f\u00fcr den Reiter, was bedeutet, dass er bis auf weiteres nicht international antreten kann.<\/p>\n\n\n\n<p>&#8220;Unser Sport sollte von Freude und Liebe zu den Pferden gepr\u00e4gt sein. Deshalb sind viele von uns im schwedischen Pferdesport extrem traurig, w\u00fctend und frustriert \u00fcber die Geschichten und Bilder, die wir gesehen haben. So etwas geh\u00f6rt nicht in den Pferdesport&#8221;, sagt Johan Fyrberg.<\/p>\n\n\n\n<p>Selbstverst\u00e4ndlich hat spring-reiter.de auch Douglas Lindel\u00f6w befragt und ihm die M\u00f6glichkeit gegeben, sich zu den Vorw\u00fcrfen zu \u00e4u\u00dfern &#8211; leider ohne Erfolg. <\/p>\n\n\n\n<p>UPDATE: Am Freitag hat sich Douglas Lindel\u00f6w nun auf seinen Social Media Kan\u00e4len zu den Vorw\u00fcrfen seines Verbands ge\u00e4u\u00dfert: <br>&#8220;Ich bin mir des Ernstes der Lage voll bewusst, weise aber die Anschuldigungen der Misswirtschaft bei Pferden entschieden zur\u00fcck. Auch wenn ich sicherlich nicht unfehlbar bin, behaupte ich, dass unsere Pflege und Ausbildung von Pferden mit gr\u00f6\u00dftem Respekt und in \u00dcbereinstimmung mit den geltenden Normen und Vorschriften durchgef\u00fchrt wird.<br>Dies wurde im Laufe der Jahre durch Inspektionen der Beh\u00f6rden best\u00e4tigt. Erst diese Woche habe ich eine unabh\u00e4ngige tier\u00e4rztliche Untersuchung aller Pferde veranlasst. Das Ergebnis: Keine Beanstandungen.<br>Angesichts der j\u00fcngsten Vorw\u00fcrfe sind wir nat\u00fcrlich bereit, bei eventuellen Untersuchungen und Ermittlungen voll zu kooperieren &#8211; was wir begr\u00fc\u00dfen. Wir sind bereit, weitere Ma\u00dfnahmen zu ergreifen, um das Wohlergehen unserer Tiere zu gew\u00e4hrleisten und zu verbessern, falls dies erforderlich ist.<br>Vor diesem Hintergrund fordere ich den schwedischen Pferdesportverband auf, eine umfassendere \u00dcberpr\u00fcfung der Branche in Schweden einzuleiten, da gelegentlich Bedenken ge\u00e4u\u00dfert werden, dass die Pferde zu \u00fcberfordert werden und unsachgem\u00e4\u00dfe Methoden angewandt werden. Es ist in unser aller Interesse, diese Bedenken gr\u00fcndlich zu untersuchen.<br>Solange der Untersuchungsprozess nicht abgeschlossen ist, werde ich zu diesem Zeitpunkt keine weiteren Fragen beantworten.&#8221; DOUGLAS LINDEL\u00d6W<\/p>\n","protected":false},"excerpt":{"rendered":"<p>Der schwedische Reitsportverband hat jetzt bekannt gegeben, dass man einen Reiter nach dem Erscheinen eines Zeitungsberichts bei der Polizei angezeigt habe: &#8220;Nach Informationen im Aftonbladet vom 11. M\u00e4rz \u00fcber das inakzeptable Verhalten eines Springreiters gegen\u00fcber Pferden und Personal hat der schwedische Pferdesportverband mit mehreren Personen Kontakt aufgenommen, die ein Verhalten &hellip; <a class=\"kt-excerpt-readmore\" href=\"https:\/\/www.spring-reiter.de\/en\/index.php\/2024\/03\/14\/schwedischer-pferdesportverband-zeigt-reiter-bei-der-polizei-an\/\" aria-label=\"Update: Schwedischer Reiter weist Vorw\u00fcrfe des Pferdesportverbandes entschieden zur\u00fcck!\">Read More<\/a><\/p>\n","protected":false},"author":3,"featured_media":70840,"comment_status":"closed","ping_status":"open","sticky":false,"template":"","format":"standard","meta":{"footnotes":""},"categories":[1],"tags":[],"class_list":["post-70839","post","type-post","status-publish","format-standard","has-post-thumbnail","hentry","category-allgemein"],"translation":{"provider":"WPGlobus","version":"3.0.2","language":"en","enabled_languages":["de","en"],"languages":{"de":{"title":true,"content":true,"excerpt":false},"en":{"title":false,"content":false,"excerpt":false}}},"_links":{"self":[{"href":"https:\/\/www.spring-reiter.de\/en\/index.php\/wp-json\/wp\/v2\/posts\/70839","targetHints":{"allow":["GET"]}}],"collection":[{"href":"https:\/\/www.spring-reiter.de\/en\/index.php\/wp-json\/wp\/v2\/posts"}],"about":[{"href":"https:\/\/www.spring-reiter.de\/en\/index.php\/wp-json\/wp\/v2\/types\/post"}],"author":[{"embeddable":true,"href":"https:\/\/www.spring-reiter.de\/en\/index.php\/wp-json\/wp\/v2\/users\/3"}],"replies":[{"embeddable":true,"href":"https:\/\/www.spring-reiter.de\/en\/index.php\/wp-json\/wp\/v2\/comments?post=70839"}],"version-history":[{"count":0,"href":"https:\/\/www.spring-reiter.de\/en\/index.php\/wp-json\/wp\/v2\/posts\/70839\/revisions"}],"wp:featuredmedia":[{"embeddable":true,"href":"https:\/\/www.spring-reiter.de\/en\/index.php\/wp-json\/wp\/v2\/media\/70840"}],"wp:attachment":[{"href":"https:\/\/www.spring-reiter.de\/en\/index.php\/wp-json\/wp\/v2\/media?parent=70839"}],"wp:term":[{"taxonomy":"category","embeddable":true,"href":"https:\/\/www.spring-reiter.de\/en\/index.php\/wp-json\/wp\/v2\/categories?post=70839"},{"taxonomy":"post_tag","embeddable":true,"href":"https:\/\/www.spring-reiter.de\/en\/index.php\/wp-json\/wp\/v2\/tags?post=70839"}],"curies":[{"name":"wp","href":"https:\/\/api.w.org\/{rel}","templated":true}]}}