{"id":71639,"date":"2024-04-19T07:45:56","date_gmt":"2024-04-19T05:45:56","guid":{"rendered":"https:\/\/www.spring-reiter.de\/?p=71639"},"modified":"2024-04-19T07:53:50","modified_gmt":"2024-04-19T05:53:50","slug":"tragischer-tod-des-us-pferdes-chromatic-bf-beim-weltcup-finale-in-riad","status":"publish","type":"post","link":"https:\/\/www.spring-reiter.de\/en\/index.php\/2024\/04\/19\/tragischer-tod-des-us-pferdes-chromatic-bf-beim-weltcup-finale-in-riad\/","title":{"rendered":"Tragischer Tod des US-Pferdes Chromatic BF beim Weltcup-Finale in Riad"},"content":{"rendered":"\n<p>Er sprang leichtf\u00fcssig wie eine Katze und jedesmal fehlerfrei durch den Weltcup-Parcours in Riad: Der Oldenburger Wallach Chromatic BF beendete die zweite Runde des Weltcup-Finales nach Stechen mir seiner US-Reiterin Jill Humphrey am Donnerstagabend auf dem dritten Platz. Kurz nach diesem Triumph brach der 13-j\u00e4hrige Wallach von Connor zusammen und verstarb. <\/p>\n\n\n\n<p>&#8220;Mit gro\u00dfer Trauer geben wir bekannt, dass das US-Pferd Chromatic BF, geritten von Jill Humphrey, w\u00e4hrend des FEI-Weltcup-Finales verstorben ist. Chromatic BF war nach dem Wettkampf am Abend des 18. April in die St\u00e4lle zur\u00fcckgekehrt und unerwartet zusammengebrochen. Er wurde sofort vom Veterin\u00e4rpersonal von US Equestrian und FEI-Tier\u00e4rzten versorgt, konnte aber nicht wiederbelebt werden&#8221;, hei\u00dft es in einer Stellungnahme der FEI. <\/p>\n\n\n\n<p>In \u00dcbereinstimmung mit den FEI-Veterin\u00e4rbestimmungen wurden bereits Proben des Pferdes entnommen, und es wird eine vollst\u00e4ndige Obduktion gem\u00e4\u00df den FEI-Protokollen durchgef\u00fchrt werden.<\/p>\n\n\n\n<p>Die FEI, das Organisationskomitee und die SAEF sprechen der Reiterin, den Besitzern, dem Pferdepfleger und den Angeh\u00f6rigen ihr tiefstes Beileid aus.<\/p>\n\n\n\n<p><\/p>\n","protected":false},"excerpt":{"rendered":"<p>Er sprang leichtf\u00fcssig wie eine Katze und jedesmal fehlerfrei durch den Weltcup-Parcours in Riad: Der Oldenburger Wallach Chromatic BF beendete die zweite Runde des Weltcup-Finales nach Stechen mir seiner US-Reiterin Jill Humphrey am Donnerstagabend auf dem dritten Platz. Kurz nach diesem Triumph brach der 13-j\u00e4hrige Wallach von Connor zusammen und &hellip; <a class=\"kt-excerpt-readmore\" href=\"https:\/\/www.spring-reiter.de\/en\/index.php\/2024\/04\/19\/tragischer-tod-des-us-pferdes-chromatic-bf-beim-weltcup-finale-in-riad\/\" aria-label=\"Tragischer Tod des US-Pferdes Chromatic BF beim Weltcup-Finale in Riad\">Read More<\/a><\/p>\n","protected":false},"author":2,"featured_media":71640,"comment_status":"closed","ping_status":"open","sticky":false,"template":"","format":"standard","meta":{"footnotes":""},"categories":[1],"tags":[],"class_list":["post-71639","post","type-post","status-publish","format-standard","has-post-thumbnail","hentry","category-allgemein"],"translation":{"provider":"WPGlobus","version":"3.0.2","language":"en","enabled_languages":["de","en"],"languages":{"de":{"title":true,"content":true,"excerpt":false},"en":{"title":false,"content":false,"excerpt":false}}},"_links":{"self":[{"href":"https:\/\/www.spring-reiter.de\/en\/index.php\/wp-json\/wp\/v2\/posts\/71639","targetHints":{"allow":["GET"]}}],"collection":[{"href":"https:\/\/www.spring-reiter.de\/en\/index.php\/wp-json\/wp\/v2\/posts"}],"about":[{"href":"https:\/\/www.spring-reiter.de\/en\/index.php\/wp-json\/wp\/v2\/types\/post"}],"author":[{"embeddable":true,"href":"https:\/\/www.spring-reiter.de\/en\/index.php\/wp-json\/wp\/v2\/users\/2"}],"replies":[{"embeddable":true,"href":"https:\/\/www.spring-reiter.de\/en\/index.php\/wp-json\/wp\/v2\/comments?post=71639"}],"version-history":[{"count":0,"href":"https:\/\/www.spring-reiter.de\/en\/index.php\/wp-json\/wp\/v2\/posts\/71639\/revisions"}],"wp:featuredmedia":[{"embeddable":true,"href":"https:\/\/www.spring-reiter.de\/en\/index.php\/wp-json\/wp\/v2\/media\/71640"}],"wp:attachment":[{"href":"https:\/\/www.spring-reiter.de\/en\/index.php\/wp-json\/wp\/v2\/media?parent=71639"}],"wp:term":[{"taxonomy":"category","embeddable":true,"href":"https:\/\/www.spring-reiter.de\/en\/index.php\/wp-json\/wp\/v2\/categories?post=71639"},{"taxonomy":"post_tag","embeddable":true,"href":"https:\/\/www.spring-reiter.de\/en\/index.php\/wp-json\/wp\/v2\/tags?post=71639"}],"curies":[{"name":"wp","href":"https:\/\/api.w.org\/{rel}","templated":true}]}}