{"id":71943,"date":"2024-05-02T12:38:50","date_gmt":"2024-05-02T10:38:50","guid":{"rendered":"https:\/\/www.spring-reiter.de\/?p=71943"},"modified":"2024-05-02T12:38:53","modified_gmt":"2024-05-02T10:38:53","slug":"von-martin-fuchs-bis-max-kuehner-top-stars-bei-pferd-international-in-muenchen","status":"publish","type":"post","link":"https:\/\/www.spring-reiter.de\/en\/index.php\/2024\/05\/02\/von-martin-fuchs-bis-max-kuehner-top-stars-bei-pferd-international-in-muenchen\/","title":{"rendered":"Von Martin Fuchs bis Max K\u00fchner: Top Stars bei Pferd International in M\u00fcnchen"},"content":{"rendered":"\n<p>Der Countdown l\u00e4uft, die Vorbereitungen sind fast abgeschlossen, der Feinschliff hat begonnen. Denn in der n\u00e4chsten Woche hei\u00dft es Vorhang auf f\u00fcr S\u00fcddeutschlands beliebtestes und gr\u00f6\u00dftes Pferdefestival: Vom 09. bis 12. Mai 2024 erobern die rassigen Vierbeiner in ihrer gesamten Bandbreite wieder das Gel\u00e4nde der altehrw\u00fcrdigen und historisch so wertvollen Olympia-Reitanlage in M\u00fcnchen-Riem.<\/p>\n\n\n\n<p>Wenn die Pferd International M\u00fcnchen ruft, dann lassen sich die Reiter nicht lange bitten. Die Dressurelite Deutschlands reitet im Viereck der bayerischen Hauptstadt fast gesammelt ein: Die Nummer 1 der Welt, <strong>Jessica vom Bredow-Werndl<\/strong> kommt mit <strong>Top-Stute TSF Dalera BB<\/strong>, die erfolgreichste Dressurreiterin aller Zeiten, <strong>Isabell Werth<\/strong> ist ebenso am Start wie Kaderkollegin und Reitmeisterin <strong>Ingrid Klimke<\/strong>, <strong>S\u00f6nke Rothenberger <\/strong>oder <strong>Dorothee Schneider<\/strong>. Im Parcours wird der Schweizer <strong>Martin Fuchs<\/strong> ebenso angreifen wie <strong>Sophie Hinners <\/strong>(Deutsche Meisterin von 2021 und Weltcup-Etappensiegerin Abu Dhabi 2024), <strong>Max K\u00fchner<\/strong>, der 2017 das letzte Mal bei der Pferd International M\u00fcnchen an den Start ging, und <strong>Michael K\u00f6lz<\/strong>, Titelverteidiger im Gro\u00dfen Preis von Bayern. Die Athleten treffen im Parcours dann unter anderem auf die Weltmeisterin von 2018, <strong>Simone Blum<\/strong>. Die Bayerin ist nicht nur Starterin bei der Pferd International M\u00fcnchen, sondern auch die Tochter des Veranstalters <strong>J\u00fcrgen Blum<\/strong> und Ehefrau des Turnierleiters Springen, <strong>Hansi Blum<\/strong>.<\/p>\n\n\n\n<p>Tradition und Innovation kennzeichnen die Pferd International M\u00fcnchen seit nunmehr 40 Jahren. Hier wird Sport, Schauprogramm und Volksfeststimmung zu einem stimmigen Paket f\u00fcr die ganze Familie vereint. Die Topstars in den 5-Sterne-Dressurpr\u00fcfungen oder den internationalen Springkonkurrenzen hautnah zu erleben oder sich selbst einmal ein Bild vom angesagten Hobby Horsing zu machen, ist ebenso m\u00f6glich wie den Nachwuchs beispielsweise im Finale des N\u00dcRNBERGER BURG-POKAL der Bayerischen Junioren anzufeuern. Es darf etwas au\u00dfergew\u00f6hnlicher sein? Dann kommen die Zuschauer bei den Voltigierern mit ihren akrobatischen H\u00f6chstleistungen hoch zu Ross oder Working Equitation mit dem wendigen Zusammenspiel von Mensch und Pferd voll auf ihre Kosten. Shoppen, Bummeln, Leckerbissen: In der Ausstellerstadt warten \u00fcber 200 St\u00e4nde mit Reitsportzubeh\u00f6r, Fashion, Lifestyle oder Accessoires auf die G\u00e4ste. Kohldampf? Kein Problem! Eine Vielzahl an kulinarischen Gen\u00fcssen stellt selbst die anspruchsvollen Gaumen zufrieden.<\/p>\n\n\n\n<p>Bei der Pferd International M\u00fcnchen erleben Besucher die hippologische Vielfalt auf wundersch\u00f6ne und erlebnisreichste Art und Weise und mit ganz viel bayerischem Volksfestcharakter. Auf der <strong>30 Hektar gro\u00dfen Olympia-Reitanlage<\/strong> im M\u00fcnchener Stadtteil Riem \u00f6ffnet sich der Pferdekosmos f\u00fcr Jung und Alt, klein und gro\u00df, Pferdenarren oder Begleitungen. Familien kommen voll auf ihre Kosten. Kinder k\u00f6nnen sich im Kinderland nach Lust und Laune austoben, selbst einmal Hobby Horsing ausprobieren, nat\u00fcrlich auch Ponys streicheln und reiten sowie beim Kasperletheater gebannt zuschauen. Achtung: Eine Betreuung der Kinder muss durch die Eltern erfolgen.<\/p>\n\n\n\n<p>An allen Tagen lockt das abwechslungsreiche und umfangreiche Schauprogramm von morgens bis abends in die Arena. Ob Pr\u00e4sentationen von unterschiedlichsten Rassen von eleganten Achal Tekkinern hin zu imposanten schweren Kaltbl\u00fctern, Darbietungen von Freiheitsdressur, Fahren mit Zehnsp\u00e4nnern oder zirzenischer Gymnastik \u2013 die gesamte Bandbreite der Pferdezucht und des Pferdesports werden hier den Zuschauern n\u00e4hergebracht. Ebenso gibt es interessante Vorstellungen zum Beispiel zu Osteodressage und auch der Hund kommt nicht zu kurz. <\/p>\n\n\n\n<p>Bei der Pferd International M\u00fcnchen gibt es viele Karten zur Wahl: Kinderkarten, Familienkarten, erm\u00e4\u00dfigte Tickets, Gruppen-Tickets, Dauerkarten, Sonderkarten oder VIP-Tickets. Karten gibt es bei <a href=\"https:\/\/mailing.pferdinternational.de?mailpoet_router&amp;endpoint=track&amp;action=click&amp;data=WyI2MTQiLCIxY2hudnV4azk0bThvYzBrYzQwd293d2M0YzRzNG80OCIsIjgwIiwiYzAxZTk4YzRkNmZjIixmYWxzZV0\" target=\"_blank\" rel=\"noreferrer noopener\">www.pferdinternational.de <\/a>die Preise f\u00fcr die Pferd International M\u00fcnchen sind bereits auf <a href=\"https:\/\/mailing.pferdinternational.de?mailpoet_router&amp;endpoint=track&amp;action=click&amp;data=WyI2MTQiLCIxY2hudnV4azk0bThvYzBrYzQwd293d2M0YzRzNG80OCIsIjgwIiwiOTE5MjJhNzk2NTdiIixmYWxzZV0\" target=\"_blank\" rel=\"noreferrer noopener\">www.pferdinternational.de\/tickets\/<\/a> zu finden.<\/p>\n","protected":false},"excerpt":{"rendered":"<p>Der Countdown l\u00e4uft, die Vorbereitungen sind fast abgeschlossen, der Feinschliff hat begonnen. Denn in der n\u00e4chsten Woche hei\u00dft es Vorhang auf f\u00fcr S\u00fcddeutschlands beliebtestes und gr\u00f6\u00dftes Pferdefestival: Vom 09. bis 12. Mai 2024 erobern die rassigen Vierbeiner in ihrer gesamten Bandbreite wieder das Gel\u00e4nde der altehrw\u00fcrdigen und historisch so wertvollen &hellip; <a class=\"kt-excerpt-readmore\" href=\"https:\/\/www.spring-reiter.de\/en\/index.php\/2024\/05\/02\/von-martin-fuchs-bis-max-kuehner-top-stars-bei-pferd-international-in-muenchen\/\" aria-label=\"Von Martin Fuchs bis Max K\u00fchner: Top Stars bei Pferd International in M\u00fcnchen\">Read More<\/a><\/p>\n","protected":false},"author":3,"featured_media":71944,"comment_status":"closed","ping_status":"open","sticky":false,"template":"","format":"standard","meta":{"footnotes":""},"categories":[1],"tags":[],"class_list":["post-71943","post","type-post","status-publish","format-standard","has-post-thumbnail","hentry","category-allgemein"],"translation":{"provider":"WPGlobus","version":"3.0.2","language":"en","enabled_languages":["de","en"],"languages":{"de":{"title":true,"content":true,"excerpt":false},"en":{"title":false,"content":false,"excerpt":false}}},"_links":{"self":[{"href":"https:\/\/www.spring-reiter.de\/en\/index.php\/wp-json\/wp\/v2\/posts\/71943","targetHints":{"allow":["GET"]}}],"collection":[{"href":"https:\/\/www.spring-reiter.de\/en\/index.php\/wp-json\/wp\/v2\/posts"}],"about":[{"href":"https:\/\/www.spring-reiter.de\/en\/index.php\/wp-json\/wp\/v2\/types\/post"}],"author":[{"embeddable":true,"href":"https:\/\/www.spring-reiter.de\/en\/index.php\/wp-json\/wp\/v2\/users\/3"}],"replies":[{"embeddable":true,"href":"https:\/\/www.spring-reiter.de\/en\/index.php\/wp-json\/wp\/v2\/comments?post=71943"}],"version-history":[{"count":0,"href":"https:\/\/www.spring-reiter.de\/en\/index.php\/wp-json\/wp\/v2\/posts\/71943\/revisions"}],"wp:featuredmedia":[{"embeddable":true,"href":"https:\/\/www.spring-reiter.de\/en\/index.php\/wp-json\/wp\/v2\/media\/71944"}],"wp:attachment":[{"href":"https:\/\/www.spring-reiter.de\/en\/index.php\/wp-json\/wp\/v2\/media?parent=71943"}],"wp:term":[{"taxonomy":"category","embeddable":true,"href":"https:\/\/www.spring-reiter.de\/en\/index.php\/wp-json\/wp\/v2\/categories?post=71943"},{"taxonomy":"post_tag","embeddable":true,"href":"https:\/\/www.spring-reiter.de\/en\/index.php\/wp-json\/wp\/v2\/tags?post=71943"}],"curies":[{"name":"wp","href":"https:\/\/api.w.org\/{rel}","templated":true}]}}