{"id":72130,"date":"2024-05-08T16:47:56","date_gmt":"2024-05-08T14:47:56","guid":{"rendered":"https:\/\/www.spring-reiter.de\/?p=72130"},"modified":"2024-05-08T16:50:09","modified_gmt":"2024-05-08T14:50:09","slug":"shane-breen-faengt-69-jaehrigen-rentner-karl-heinz-markus-in-1-derby-quali-in-hamburg-ab","status":"publish","type":"post","link":"https:\/\/www.spring-reiter.de\/en\/index.php\/2024\/05\/08\/shane-breen-faengt-69-jaehrigen-rentner-karl-heinz-markus-in-1-derby-quali-in-hamburg-ab\/","title":{"rendered":"Shane Breen f\u00e4ngt 69-j\u00e4hrigen Rentner Karl-Heinz Markus in 1. Derby-Quali in Hamburg ab"},"content":{"rendered":"\n<p>Fast w\u00e4re sein Traum wahr geworden: Der 69-j\u00e4hrige Karl-Heinz Markus lag mit seiner selbstgezogenen erst neunj\u00e4hrigen Stute Fiona (v. Quabri de l&#8217;Isle) in der ersten Qualifikation zum Hamburger Derby ganz vorne. Doch dann lie\u00df ein Ire den Traum des Rentners aus dem Emsland platzten: Shane Breen und sein Erfolgspartner Z7 Ipswich (v. Carembar de Muze) schnappten Karl-Heinz Markus und seiner Oldenburger Stute den Sieg vor der Nase weg. Der Derby-Spezialist aus Hickstead war \u00fcber sechs Sekunden schneller als sein Verfolger. <\/p>\n\n\n\n<p>&#8220;Ich hatte gar nicht unbedingt vor, in der 1. Qualifikation zu gewinnen, aber Ipswich liebt es so schnell zu gehen. Ich darf ihn gar nicht gro\u00df st\u00f6ren, sondern muss ihn einfach so lassen&#8221; freute sich der Sieger im Anschlu\u00df. Im schwersten Springen der Welt am Sonntag will der Ire seinen 16-j\u00e4hrigen Fuchs allerdings nicht einsetzten, da setzt er auf ein neues Pferd, das er noch noch nicht lange im Stall hat. &#8220;Ipswich ist jetzt 16 Jahre alt und ich verzichte zum Wohl des Pferdes auf den Start mit ihm am Sonntag.&#8221;<\/p>\n\n\n\n<p>\u00c4hnlich will es der Zweite der ersten Qualifikation zum Derby, Karl-Heinz Markus, machen: &#8220;Meine Stute ist erst neun und sehr speziell. Ich freue mich so \u00fcber den zweiten Platz heute. Ich bin stolz und auch etwas \u00fcberrascht. Wir tauen uns beide viel zu. Aber noch nicht an diesem Sonntag. Das w\u00e4re zu viel zu fr\u00fch f\u00fcr die Stute&#8221;, findet Markus, der seit 60 Jahren im Sattel sitzt und nebenbei immer noch junge Pferde bei Heinrich Horses ausbildet. <\/p>\n\n\n\n<p>Dritte auf dem Podium wurde Elisa Marlene von Hecht und Laocoon (v. Cancoon). <\/p>\n\n\n\n<p>Das ganze Ergebnis: <a href=\"https:\/\/www.longinestiming.com\/equestrian\/2024\/deutsches-spring-und-dressur-derby-hamburg-hamburg\/resultlist_10.html\">HIER <\/a><\/p>\n","protected":false},"excerpt":{"rendered":"<p>Fast w\u00e4re sein Traum wahr geworden: Der 69-j\u00e4hrige Karl-Heinz Markus lag mit seiner selbstgezogenen erst neunj\u00e4hrigen Stute Fiona (v. Quabri de l&#8217;Isle) in der ersten Qualifikation zum Hamburger Derby ganz vorne. Doch dann lie\u00df ein Ire den Traum des Rentners aus dem Emsland platzten: Shane Breen und sein Erfolgspartner Z7 &hellip; <a class=\"kt-excerpt-readmore\" href=\"https:\/\/www.spring-reiter.de\/en\/index.php\/2024\/05\/08\/shane-breen-faengt-69-jaehrigen-rentner-karl-heinz-markus-in-1-derby-quali-in-hamburg-ab\/\" aria-label=\"Shane Breen f\u00e4ngt 69-j\u00e4hrigen Rentner Karl-Heinz Markus in 1. Derby-Quali in Hamburg ab\">Read More<\/a><\/p>\n","protected":false},"author":2,"featured_media":72132,"comment_status":"closed","ping_status":"open","sticky":false,"template":"","format":"standard","meta":{"footnotes":""},"categories":[1],"tags":[],"class_list":["post-72130","post","type-post","status-publish","format-standard","has-post-thumbnail","hentry","category-allgemein"],"translation":{"provider":"WPGlobus","version":"3.0.2","language":"en","enabled_languages":["de","en"],"languages":{"de":{"title":true,"content":true,"excerpt":false},"en":{"title":false,"content":false,"excerpt":false}}},"_links":{"self":[{"href":"https:\/\/www.spring-reiter.de\/en\/index.php\/wp-json\/wp\/v2\/posts\/72130","targetHints":{"allow":["GET"]}}],"collection":[{"href":"https:\/\/www.spring-reiter.de\/en\/index.php\/wp-json\/wp\/v2\/posts"}],"about":[{"href":"https:\/\/www.spring-reiter.de\/en\/index.php\/wp-json\/wp\/v2\/types\/post"}],"author":[{"embeddable":true,"href":"https:\/\/www.spring-reiter.de\/en\/index.php\/wp-json\/wp\/v2\/users\/2"}],"replies":[{"embeddable":true,"href":"https:\/\/www.spring-reiter.de\/en\/index.php\/wp-json\/wp\/v2\/comments?post=72130"}],"version-history":[{"count":0,"href":"https:\/\/www.spring-reiter.de\/en\/index.php\/wp-json\/wp\/v2\/posts\/72130\/revisions"}],"wp:featuredmedia":[{"embeddable":true,"href":"https:\/\/www.spring-reiter.de\/en\/index.php\/wp-json\/wp\/v2\/media\/72132"}],"wp:attachment":[{"href":"https:\/\/www.spring-reiter.de\/en\/index.php\/wp-json\/wp\/v2\/media?parent=72130"}],"wp:term":[{"taxonomy":"category","embeddable":true,"href":"https:\/\/www.spring-reiter.de\/en\/index.php\/wp-json\/wp\/v2\/categories?post=72130"},{"taxonomy":"post_tag","embeddable":true,"href":"https:\/\/www.spring-reiter.de\/en\/index.php\/wp-json\/wp\/v2\/tags?post=72130"}],"curies":[{"name":"wp","href":"https:\/\/api.w.org\/{rel}","templated":true}]}}