{"id":72186,"date":"2024-05-10T08:17:51","date_gmt":"2024-05-10T06:17:51","guid":{"rendered":"https:\/\/www.spring-reiter.de\/?p=72186"},"modified":"2024-05-10T10:40:38","modified_gmt":"2024-05-10T08:40:38","slug":"jana-wargers-olympia-im-visier-und-danach-ab-ins-homeoffice","status":"publish","type":"post","link":"https:\/\/www.spring-reiter.de\/en\/index.php\/2024\/05\/10\/jana-wargers-olympia-im-visier-und-danach-ab-ins-homeoffice\/","title":{"rendered":"Jana Wargers: Olympia im Visier und danach ab ins &#8220;Homeoffice&#8221;"},"content":{"rendered":"\n<p>Auf Jana Wargers ist Verlass. Das hat die 32-J\u00e4hrige mit konstanten Leistungen in zahlreichen Nationenpreisen, bei der WM in Herning, der Europameisterschaft in Mailand und zuletzt beim Nationenpreisfinale in Barcelona eindrucksvoll bewiesen. Sie ist nicht umsonst Mitglied im deutschen Olympia-Kader.<\/p>\n\n\n\n<p>Im Interview beim Hamburger Derby spricht Jana Wargers \u00fcber ihre Vorbereitungen f\u00fcr einen m\u00f6glichen Olympia-Start in Paris, \u00fcber lehrreiche Dressur-Stunden bei Franke Sloothaak und ihr neues &#8220;Homeoffice&#8221; im M\u00fcnsterland. <br>Jana Wargers ist zur\u00fcckhaltend. Die Olympischen Spiele in Paris sind noch ein paar Monate hin. Wer dabei sein will, nominiert werden m\u00f6chte, muss sich die n\u00e4chsten Wochen in Top-Form pr\u00e4sentieren, am besten viele Null-Runden liefern. Das ist kein Geheimnis. <\/p>\n\n\n\n<p>\u201eIch habe ein gutes Gef\u00fchl. Nat\u00fcrlich ist Olympia ein ganz gro\u00dfes Ziel f\u00fcr mich, aber ich lasse mich da auch nicht verr\u00fcckt machen. Der Ansporn ist da. Ich habe lange darauf hin gearbeitet. Aber wir gehen Schritt f\u00fcr Schritt und gucken, was am Ende herauskommt. Das Leben geht auch ohne einen Start bei den Olympischen Spielen weiter, das wei\u00df ich auch, aber nat\u00fcrlich ist Paris jetzt das Ziel&#8221;, beschreibt die aktuelle Nummer 32 der FEI Weltrangliste ihre aktuelle Gef\u00fchlslage. <\/p>\n\n\n\n<p>Mit der Stute Dorette (Dollar du Murier) und dem Holsteiner Wallach Limbridge (v. Limbus) hat die 32-J\u00e4hrige gleich zwei Asse im \u00c4rmel mit Blick auf die Olympischen Spiele in Paris. Beide sind 15 Jahre alt, beide sind sprunggewaltig und doch hat aus ihrer Sicht Limbridge die olympische Nase vielleicht einen Hauch weiter vorne.<\/p>\n\n\n\n<p>\u201eVon meinem Gef\u00fchl, k\u00f6nnen beide \u201aolympisch\u2018 springen. Dorette ist allerdings etwas sensibler und komplizierter als Limbridge, er ist total easy und steckt alles weg und Olympische Spiele sind nat\u00fcrlich noch mal eine Extra-Anspannung, deswegen denke ich, dass am Ende Limbridge aus der mentalen Sicht die Nase ein bisschen weiter vorne hat Richtung Paris.\u201c Und genau den mit der olympischen Nase vorweg hat sie mitgebracht nach Hamburg.<\/p>\n\n\n\n<p>Limbridge hatte eine l\u00e4ngere Turnierpause, \u201eEr f\u00fchlt sich so happy und frisch an, ist sehr motiviert und ich habe das Gef\u00fchl, dass dieses Jahr noch mal richtig ein Jahr f\u00fcr ihn werden kann&#8221;, erz\u00e4hlt seine Reiterin.  Der Turniersport sei seine Welt. \u201eEr steht hier im Stall, die Ohren sind vorne und die Augen gl\u00e4nzen.\u201c Sie habe ihn nach der Pause in Ruhe wieder aufgebaut, viel dressurm\u00e4\u00dfig zu Hause gearbeitet und einige Feinabstimmungen noch verbessert \u2013 nicht zuletzt mit der Hilfe von Springsport-Koryph\u00e4e Franke Sloothaak.<\/p>\n\n\n\n<p>\u201eEr kommt seit einiger Zeit alle zwei Wochen zum Training zu mir. Ich bin fasziniert, was er macht. Er hat sich auch einmal auf Limbridge gesetzt, um das mal zu f\u00fchlen. Das sah so aus, als wenn gar nichts passiert, als wenn er nichts macht, aber das Pferd l\u00e4sst los und l\u00e4uft ganz anders. Das hat mich so begeistert. Da bin ich nat\u00fcrlich wieder aufgestiegen und habe mir gesagt, das bekommst du auch hin. Das ist f\u00fcr mich ideal. Wir haben jetzt an einigen Punkten gearbeitet und auf einmal ging alles noch einfacher, Limbridge war noch zufriedener. Das hat mir viel gebracht&#8221;, gesteht Jana Wargers.<\/p>\n\n\n\n<p>Mit Limbridge, mit dem sie schon bei Europa- und Weltmeisterschaften am Start war, strebt sie den Longines Grand Prix of Hamburg am Samstag an. \u201eEs ist gut f\u00fcr ihn, hier in Hamburg noch mal \u00fcber drei Tage anzutreten, um noch mal Kraft aufzubauen und dann wissen wir am Ende der Hamburg-Woche auch, wo wir genau stehen.\u201c<\/p>\n\n\n\n<p>Jana Wargers ist das zweite Mal in Hamburg am Start und genie\u00dft es: \u201eHamburg ist au\u00dfergew\u00f6hnlich! Der Platz an sich und dann noch mit den Derbyspr\u00fcngen und wie viele Leute da sind \u2013 Hamburg ist und bleibt ganz besonders.\u201c<\/p>\n\n\n\n<p>Nach dem Ausflug an die Elbe stehen f\u00fcr Jana Wargers und ihre Pferde wichtige Nationenpreise im Kalender. Ende Mai geht sie mit Dorette beim Nationenpreis in Rom auf der Piazza di Siena an den Start. Und auch bei der n\u00e4chsten Etappe der League of Nations in St. Gallen ist Jana Wargers mit von der Partie, in der Schweiz setzt sie Limbridge im Nationenpreis ein. So ist der Plan. &#8220;Und dann werden wir danach sehen, wo wir stehen und uns mit dem Bundestrainer absprechen.&#8221;<\/p>\n\n\n\n<p>Gro\u00dfe Ver\u00e4nderungen stehen f\u00fcr Jana Wargers Ende des Jahres an. Nach drei Jahren bei der Ashford Farm des Iren Enda Carroll in Belgien m\u00f6chte sie zur\u00fcck in die Heimat ins M\u00fcnsterland. &#8220;Da ist meine Heimat, da lebt meine Familie, da f\u00fchle ich mich wohl.&#8221;<\/p>\n\n\n\n<p>Bei ihrem Freund, der in Nordwalde einen Handelsstall betreibt, will sie einen Stall &#8220;anbauen&#8221;.  &#8220;Dann nehme ich meine Pferde und mein Team mit zu meinem Freund. Wir bauen gerade etwas an. Wenn das fertig ist, kommen meine Pferde r\u00fcber. Ich bin sehr, sehr dankbar, was Enda da m\u00f6glich macht. Er hat gesagt, mach einfach so weiter wie jetzt, aber mach es von zu Hause, wie im &#8220;Homeoffice&#8221;. Wir bauen so an, dass es zwar an der Anlage meines Freundes angrenzt, aber trotzdem auch f\u00fcr sich ist. Ich kann ganz beruhigt meine Arbeit machen und er kann seinen Handel weiter machen. Ich denke, dass das richtig gut funktionieren kann.&#8221;<\/p>\n","protected":false},"excerpt":{"rendered":"<p>Auf Jana Wargers ist Verlass. Das hat die 32-J\u00e4hrige mit konstanten Leistungen in zahlreichen Nationenpreisen, bei der WM in Herning, der Europameisterschaft in Mailand und zuletzt beim Nationenpreisfinale in Barcelona eindrucksvoll bewiesen. Sie ist nicht umsonst Mitglied im deutschen Olympia-Kader. Im Interview beim Hamburger Derby spricht Jana Wargers \u00fcber ihre &hellip; <a class=\"kt-excerpt-readmore\" href=\"https:\/\/www.spring-reiter.de\/en\/index.php\/2024\/05\/10\/jana-wargers-olympia-im-visier-und-danach-ab-ins-homeoffice\/\" aria-label=\"Jana Wargers: Olympia im Visier und danach ab ins &#8220;Homeoffice&#8221;\">Read More<\/a><\/p>\n","protected":false},"author":2,"featured_media":72192,"comment_status":"closed","ping_status":"open","sticky":false,"template":"","format":"standard","meta":{"footnotes":""},"categories":[1],"tags":[],"class_list":["post-72186","post","type-post","status-publish","format-standard","has-post-thumbnail","hentry","category-allgemein"],"translation":{"provider":"WPGlobus","version":"3.0.2","language":"en","enabled_languages":["de","en"],"languages":{"de":{"title":true,"content":true,"excerpt":false},"en":{"title":false,"content":false,"excerpt":false}}},"_links":{"self":[{"href":"https:\/\/www.spring-reiter.de\/en\/index.php\/wp-json\/wp\/v2\/posts\/72186","targetHints":{"allow":["GET"]}}],"collection":[{"href":"https:\/\/www.spring-reiter.de\/en\/index.php\/wp-json\/wp\/v2\/posts"}],"about":[{"href":"https:\/\/www.spring-reiter.de\/en\/index.php\/wp-json\/wp\/v2\/types\/post"}],"author":[{"embeddable":true,"href":"https:\/\/www.spring-reiter.de\/en\/index.php\/wp-json\/wp\/v2\/users\/2"}],"replies":[{"embeddable":true,"href":"https:\/\/www.spring-reiter.de\/en\/index.php\/wp-json\/wp\/v2\/comments?post=72186"}],"version-history":[{"count":0,"href":"https:\/\/www.spring-reiter.de\/en\/index.php\/wp-json\/wp\/v2\/posts\/72186\/revisions"}],"wp:featuredmedia":[{"embeddable":true,"href":"https:\/\/www.spring-reiter.de\/en\/index.php\/wp-json\/wp\/v2\/media\/72192"}],"wp:attachment":[{"href":"https:\/\/www.spring-reiter.de\/en\/index.php\/wp-json\/wp\/v2\/media?parent=72186"}],"wp:term":[{"taxonomy":"category","embeddable":true,"href":"https:\/\/www.spring-reiter.de\/en\/index.php\/wp-json\/wp\/v2\/categories?post=72186"},{"taxonomy":"post_tag","embeddable":true,"href":"https:\/\/www.spring-reiter.de\/en\/index.php\/wp-json\/wp\/v2\/tags?post=72186"}],"curies":[{"name":"wp","href":"https:\/\/api.w.org\/{rel}","templated":true}]}}