{"id":72745,"date":"2024-05-29T12:16:48","date_gmt":"2024-05-29T10:16:48","guid":{"rendered":"https:\/\/www.spring-reiter.de\/?p=72745"},"modified":"2024-05-29T12:16:51","modified_gmt":"2024-05-29T10:16:51","slug":"hier-kommt-qualitaet-zusammen-holsteiner-fohlen-und-reitpferdeauktion","status":"publish","type":"post","link":"https:\/\/www.spring-reiter.de\/en\/index.php\/2024\/05\/29\/hier-kommt-qualitaet-zusammen-holsteiner-fohlen-und-reitpferdeauktion\/","title":{"rendered":"Hier kommt Qualit\u00e4t zusammen: Holsteiner Fohlen- und Reitpferdeauktion"},"content":{"rendered":"\n<p>Die Zukunft geh\u00f6rt dem Nachwuchs \u2013 unter diesem Motto werden im Rahmen der Holsteiner Pferdetage vom 13. bis 16. Juni 2024 in Elmshorn nicht nur die Landeschampionate und die Verbandsstutenschau ausgetragen. Auch zwei hochinteressant besetzte Auktionen von Fohlen und jungen Reitpferden finden hier eine B\u00fchne. Die Kollektionen sind ab sofort unter <a href=\"http:\/\/www.holsteiner.auction\">www.holsteiner.auction<\/a> online.<\/p>\n\n\n\n<p>Die Fohlenauktion am 15. Juni ist fester Bestandteil des Holsteiner Kalenders und einmal mehr beweisen Holsteins Z\u00fcchter das richtige H\u00e4ndchen bei den Anpaarungsentscheidungen: Von Hengsten wie Million Dollar, Uriko und Zuccero oder auch Cahil, Ermitage Kalone, Keaton und Chaccothage Blue stammen die Nachwuchshoffnungen ab. Mit der Katalognummer 1, Sakira v. Cahil-Cancara, er\u00f6ffnet ein Stutfohlen bester G\u00fcte den Auktionsreigen: Lireu v. Legolas (Niklaus Schurtenberger\/SUI), Concord v. Con Air (Karin Ernsting\/GER) und Campbell VDL v. Cassini I (Candice King\/USA) sind nur drei ihrer zahlreichen erfolgsverw\u00f6hnten Verwandten in internationalen Parcours\u2018. In den Ahnenreihen der Katalognummer 2 lesen sich die Sport-Heroen wie das who-is-who der Szene: Cheppetta v. Chepetto (Kevin Staut\/FRA), Deleyn v. Larimar (Shane Sweetnam\/IRL), Quvee Prestige v. Quidam de Revel (Maksymilian Wechta\/POL), Calle Cool v. Concerto II (Nisse L\u00fcneburg\/GER), Pikeur Dylon v. Diamant de Semilly (Markus Brinkmann\/GER) oder auch Le Cordial v. Lyjanero (Andrzej Oplatek\/POL) und noch viele weitere geh\u00f6ren dazu.<\/p>\n\n\n\n<p>Die Sommer-Auktion der Reitpferde feiert gewisserma\u00dfen ihr Comeback in Elmshorn. \u201eNach mehrj\u00e4hriger Pause dieser Auktion haben wir ein kleines, aber feines Lot aus hochinteressanten Sportlern zusammengestellt\u201c, ist Auktionsleiter Felix Flinzer voller Vorfreude. Sieben Youngster haben es in die Kollektion geschafft. Allesamt sind sie parcoursfertig und k\u00f6nnen noch in dieser Saison Schleifen sammeln, einige von Ihnen sind bereits hocherfolgreich auf Turnieren unterwegs: Besonders eindr\u00fccklich pr\u00e4sentiert sich die Katalognummer 105, der gek\u00f6rte Dilaro v. Dinken-Casall. Der Hengst stammt aus der direkten Mutterlinie von Cassini und Clarimo und zahlreiche 1,60 Meter-Springpferde unterstreichen den sportlichen Wert dieser Familie \u2013 und der sechsj\u00e4hrige Dilaro ist selbst schon auf 1,30 Meter-Niveau platziert. Die Katalognummer 104, Miss Dark Air v. Cornet Obolensky-Diarado, sprang bei ihrem ersten Turnierstart direkt zu einer Platzierung und begeistert mit ihrer sportlichen Einstellung jeden Tag aufs Neue. Und auch z\u00fcchterisch ist sie eine wahrhaftige Perle: Ihre zweite Mutter brachte die gek\u00f6rten Hengste Quiwi Dream v. Quidam de Revel (Hans-Dieter Dreher\/GER) und Zinedream v. Zinedine (David Will\/GER).<\/p>\n\n\n\n<p>Alle Informationen zu den Fohlen und Pferden sind unter <a href=\"http:\/\/www.holsteiner.auction\">www.holsteiner.auction<\/a> zu finden. Die Reitpferde beziehen bereits am Donnerstag, den 30. Mai, ihre Boxen in Elmshorn und k\u00f6nnen im Anschluss nach Absprache ausprobiert werden. Sie pr\u00e4sentieren sich erstmals live am Freitag, den 14. Juni, um ca. 18:00 Uhr, die Fohlen am Samstag, den 15. Juni, um ca. 13:30 Uhr. Am 15. Juni um ca. 17:00 Uhr beginnt dann die Auktion im Hybrid-Format. Fragen beantwortet Felix Flinzer, Gesch\u00e4ftsf\u00fchrer der Holsteiner Verband Vermarktungs und Auktions GmbH, gerne telefonisch unter 0162-3493942.<\/p>\n","protected":false},"excerpt":{"rendered":"<p>Die Zukunft geh\u00f6rt dem Nachwuchs \u2013 unter diesem Motto werden im Rahmen der Holsteiner Pferdetage vom 13. bis 16. Juni 2024 in Elmshorn nicht nur die Landeschampionate und die Verbandsstutenschau ausgetragen. Auch zwei hochinteressant besetzte Auktionen von Fohlen und jungen Reitpferden finden hier eine B\u00fchne. Die Kollektionen sind ab sofort &hellip; <a class=\"kt-excerpt-readmore\" href=\"https:\/\/www.spring-reiter.de\/en\/index.php\/2024\/05\/29\/hier-kommt-qualitaet-zusammen-holsteiner-fohlen-und-reitpferdeauktion\/\" aria-label=\"Hier kommt Qualit\u00e4t zusammen: Holsteiner Fohlen- und Reitpferdeauktion\">Read More<\/a><\/p>\n","protected":false},"author":3,"featured_media":72746,"comment_status":"closed","ping_status":"open","sticky":false,"template":"","format":"standard","meta":{"footnotes":""},"categories":[1],"tags":[],"class_list":["post-72745","post","type-post","status-publish","format-standard","has-post-thumbnail","hentry","category-allgemein"],"translation":{"provider":"WPGlobus","version":"3.0.2","language":"en","enabled_languages":["de","en"],"languages":{"de":{"title":true,"content":true,"excerpt":false},"en":{"title":false,"content":false,"excerpt":false}}},"_links":{"self":[{"href":"https:\/\/www.spring-reiter.de\/en\/index.php\/wp-json\/wp\/v2\/posts\/72745","targetHints":{"allow":["GET"]}}],"collection":[{"href":"https:\/\/www.spring-reiter.de\/en\/index.php\/wp-json\/wp\/v2\/posts"}],"about":[{"href":"https:\/\/www.spring-reiter.de\/en\/index.php\/wp-json\/wp\/v2\/types\/post"}],"author":[{"embeddable":true,"href":"https:\/\/www.spring-reiter.de\/en\/index.php\/wp-json\/wp\/v2\/users\/3"}],"replies":[{"embeddable":true,"href":"https:\/\/www.spring-reiter.de\/en\/index.php\/wp-json\/wp\/v2\/comments?post=72745"}],"version-history":[{"count":0,"href":"https:\/\/www.spring-reiter.de\/en\/index.php\/wp-json\/wp\/v2\/posts\/72745\/revisions"}],"wp:featuredmedia":[{"embeddable":true,"href":"https:\/\/www.spring-reiter.de\/en\/index.php\/wp-json\/wp\/v2\/media\/72746"}],"wp:attachment":[{"href":"https:\/\/www.spring-reiter.de\/en\/index.php\/wp-json\/wp\/v2\/media?parent=72745"}],"wp:term":[{"taxonomy":"category","embeddable":true,"href":"https:\/\/www.spring-reiter.de\/en\/index.php\/wp-json\/wp\/v2\/categories?post=72745"},{"taxonomy":"post_tag","embeddable":true,"href":"https:\/\/www.spring-reiter.de\/en\/index.php\/wp-json\/wp\/v2\/tags?post=72745"}],"curies":[{"name":"wp","href":"https:\/\/api.w.org\/{rel}","templated":true}]}}