{"id":73534,"date":"2024-07-02T15:45:29","date_gmt":"2024-07-02T13:45:29","guid":{"rendered":"https:\/\/www.spring-reiter.de\/?p=73534"},"modified":"2024-07-04T11:47:23","modified_gmt":"2024-07-04T09:47:23","slug":"richard-vogel-startet-mit-platz-zwei-in-den-chio-aachen","status":"publish","type":"post","link":"https:\/\/www.spring-reiter.de\/en\/index.php\/2024\/07\/02\/richard-vogel-startet-mit-platz-zwei-in-den-chio-aachen\/","title":{"rendered":"Richard Vogel startet mit Platz zwei in den CHIO Aachen"},"content":{"rendered":"\n<p>Es war das Stawag-Er\u00f6ffnungsspringen zum 100 Jahre CHIO Aachen Jubil\u00e4um &#8211; aber der Wettergott war offenbar noch nicht in Feierstimmung: Nieselregen lie\u00df viele Reiter zur entsprechenden Schutzkleidung greifen, bevor sie sich auf den 490 Meter langen Weg des 5* Parcours \u00fcber 1,45m hohe Spr\u00fcnge machten. Gold und Silber wurden dann gleich am Anfang festgezurrt: Als dritter Starter legte Richard Vogel auf Cydello (v. Cascadello) fehlerfrei 63,08 Sekunden vor, die gleich danach von Francois Xavier Boudant auf Egoki (v. Catoki) in 62,62 Sekunden unterboten wurden. Die 47 Starter, die folgten, regelten dann die restliche Platzierung untereinander.<\/p>\n\n\n\n<p>Auf Platz drei sprang Petronella Andersson mit Ollister dy Lys (v. Hunters&#8217; Scendro) vor J\u00f6rne Sprehe auf Hickstead White (v. Hickstead) und Ben Maher auf Exit Remo (v. San Remo).<\/p>\n\n\n\n<p>Am Rande warf Olympia nicht nur f\u00fcr die deutschen Starter seinen Pariser Schatten bis Aachen. Konkurrenz-Beobachtung ist Teil des Programms: Welche Reiter-Pferd-Paare sind wie in Form &#8211; was automatisch zur n\u00e4chsten Frage f\u00fchrt, die in Aachen beantwortet werden soll: Wer ist die oder der Vierte im olympischen Deutschland-Team.<\/p>\n","protected":false},"excerpt":{"rendered":"<p>Es war das Stawag-Er\u00f6ffnungsspringen zum 100 Jahre CHIO Aachen Jubil\u00e4um &#8211; aber der Wettergott war offenbar noch nicht in Feierstimmung: Nieselregen lie\u00df viele Reiter zur entsprechenden Schutzkleidung greifen, bevor sie sich auf den 490 Meter langen Weg des 5* Parcours \u00fcber 1,45m hohe Spr\u00fcnge machten. Gold und Silber wurden dann &hellip; <a class=\"kt-excerpt-readmore\" href=\"https:\/\/www.spring-reiter.de\/en\/index.php\/2024\/07\/02\/richard-vogel-startet-mit-platz-zwei-in-den-chio-aachen\/\" aria-label=\"Richard Vogel startet mit Platz zwei in den CHIO Aachen\">Read More<\/a><\/p>\n","protected":false},"author":3,"featured_media":73535,"comment_status":"closed","ping_status":"open","sticky":false,"template":"","format":"standard","meta":{"footnotes":""},"categories":[1],"tags":[],"class_list":["post-73534","post","type-post","status-publish","format-standard","has-post-thumbnail","hentry","category-allgemein"],"translation":{"provider":"WPGlobus","version":"3.0.2","language":"en","enabled_languages":["de","en"],"languages":{"de":{"title":true,"content":true,"excerpt":false},"en":{"title":false,"content":false,"excerpt":false}}},"_links":{"self":[{"href":"https:\/\/www.spring-reiter.de\/en\/index.php\/wp-json\/wp\/v2\/posts\/73534","targetHints":{"allow":["GET"]}}],"collection":[{"href":"https:\/\/www.spring-reiter.de\/en\/index.php\/wp-json\/wp\/v2\/posts"}],"about":[{"href":"https:\/\/www.spring-reiter.de\/en\/index.php\/wp-json\/wp\/v2\/types\/post"}],"author":[{"embeddable":true,"href":"https:\/\/www.spring-reiter.de\/en\/index.php\/wp-json\/wp\/v2\/users\/3"}],"replies":[{"embeddable":true,"href":"https:\/\/www.spring-reiter.de\/en\/index.php\/wp-json\/wp\/v2\/comments?post=73534"}],"version-history":[{"count":0,"href":"https:\/\/www.spring-reiter.de\/en\/index.php\/wp-json\/wp\/v2\/posts\/73534\/revisions"}],"wp:featuredmedia":[{"embeddable":true,"href":"https:\/\/www.spring-reiter.de\/en\/index.php\/wp-json\/wp\/v2\/media\/73535"}],"wp:attachment":[{"href":"https:\/\/www.spring-reiter.de\/en\/index.php\/wp-json\/wp\/v2\/media?parent=73534"}],"wp:term":[{"taxonomy":"category","embeddable":true,"href":"https:\/\/www.spring-reiter.de\/en\/index.php\/wp-json\/wp\/v2\/categories?post=73534"},{"taxonomy":"post_tag","embeddable":true,"href":"https:\/\/www.spring-reiter.de\/en\/index.php\/wp-json\/wp\/v2\/tags?post=73534"}],"curies":[{"name":"wp","href":"https:\/\/api.w.org\/{rel}","templated":true}]}}