{"id":73864,"date":"2024-07-11T15:58:05","date_gmt":"2024-07-11T13:58:05","guid":{"rendered":"https:\/\/www.spring-reiter.de\/?p=73864"},"modified":"2024-07-11T16:00:23","modified_gmt":"2024-07-11T14:00:23","slug":"fei-hat-entschieden-a-coruna-in-spanien-gastgeber-der-europameisterschaft-2025","status":"publish","type":"post","link":"https:\/\/www.spring-reiter.de\/en\/index.php\/2024\/07\/11\/fei-hat-entschieden-a-coruna-in-spanien-gastgeber-der-europameisterschaft-2025\/","title":{"rendered":"FEI hat entschieden: A Coru\u00f1a in Spanien Gastgeber der Europameisterschaft 2025!"},"content":{"rendered":"\n<p>Nach Riesenbeck 2021 und Mailand 2023 wurde jetzt die galizische Hafenstadt A Coru\u00f1a im Nordwesten Spaniens von der FEI als Austragungsort f\u00fcr die FEI-Europameisterschaft in der olympischen Disziplin Springen f\u00fcr 2025 bestimmt.<\/p>\n\n\n\n<p>Die Veranstaltung wird vom 16. bis 20. Juli 2025 in Casas Novas stattfinden, einem wichtigen Zentrum des Pferdesports in Nordspanien und seit 2016 Austragungsort eines Longines FEI Jumping World Cup Qualifikationsturniers.<\/p>\n\n\n\n<p>&#8220;Wir sind hocherfreut, A Coru\u00f1a als Gastgeber dieser Meisterschaft zu haben, insbesondere in Casas Novas, das ein Symbol f\u00fcr Spitzenleistungen im Pferdesport ist&#8221;, sagte FEI-Springdirektor Todd Hinde. &#8220;Wir freuen uns darauf, mit dem Organisationskomitee zusammenzuarbeiten, um eine Veranstaltung der Spitzenklasse zu organisieren.&#8221;<\/p>\n\n\n\n<p>Die FEI-Spring-Europameisterschaft wird Teil der Feierlichkeiten zum 25-j\u00e4hrigen Bestehen von Casas Novas sein, das 1999 gegr\u00fcndet wurde. A Coru\u00f1a wird nach Gij\u00f3n 1993 und Madrid 2011 die dritte spanische Stadt sein, die das prestigetr\u00e4chtige Ereignis ausrichtet.<\/p>\n","protected":false},"excerpt":{"rendered":"<p>Nach Riesenbeck 2021 und Mailand 2023 wurde jetzt die galizische Hafenstadt A Coru\u00f1a im Nordwesten Spaniens von der FEI als Austragungsort f\u00fcr die FEI-Europameisterschaft in der olympischen Disziplin Springen f\u00fcr 2025 bestimmt. Die Veranstaltung wird vom 16. bis 20. Juli 2025 in Casas Novas stattfinden, einem wichtigen Zentrum des Pferdesports &hellip; <a class=\"kt-excerpt-readmore\" href=\"https:\/\/www.spring-reiter.de\/en\/index.php\/2024\/07\/11\/fei-hat-entschieden-a-coruna-in-spanien-gastgeber-der-europameisterschaft-2025\/\" aria-label=\"FEI hat entschieden: A Coru\u00f1a in Spanien Gastgeber der Europameisterschaft 2025!\">Read More<\/a><\/p>\n","protected":false},"author":3,"featured_media":73865,"comment_status":"closed","ping_status":"open","sticky":false,"template":"","format":"standard","meta":{"footnotes":""},"categories":[1],"tags":[],"class_list":["post-73864","post","type-post","status-publish","format-standard","has-post-thumbnail","hentry","category-allgemein"],"translation":{"provider":"WPGlobus","version":"3.0.2","language":"en","enabled_languages":["de","en"],"languages":{"de":{"title":true,"content":true,"excerpt":false},"en":{"title":false,"content":false,"excerpt":false}}},"_links":{"self":[{"href":"https:\/\/www.spring-reiter.de\/en\/index.php\/wp-json\/wp\/v2\/posts\/73864","targetHints":{"allow":["GET"]}}],"collection":[{"href":"https:\/\/www.spring-reiter.de\/en\/index.php\/wp-json\/wp\/v2\/posts"}],"about":[{"href":"https:\/\/www.spring-reiter.de\/en\/index.php\/wp-json\/wp\/v2\/types\/post"}],"author":[{"embeddable":true,"href":"https:\/\/www.spring-reiter.de\/en\/index.php\/wp-json\/wp\/v2\/users\/3"}],"replies":[{"embeddable":true,"href":"https:\/\/www.spring-reiter.de\/en\/index.php\/wp-json\/wp\/v2\/comments?post=73864"}],"version-history":[{"count":0,"href":"https:\/\/www.spring-reiter.de\/en\/index.php\/wp-json\/wp\/v2\/posts\/73864\/revisions"}],"wp:featuredmedia":[{"embeddable":true,"href":"https:\/\/www.spring-reiter.de\/en\/index.php\/wp-json\/wp\/v2\/media\/73865"}],"wp:attachment":[{"href":"https:\/\/www.spring-reiter.de\/en\/index.php\/wp-json\/wp\/v2\/media?parent=73864"}],"wp:term":[{"taxonomy":"category","embeddable":true,"href":"https:\/\/www.spring-reiter.de\/en\/index.php\/wp-json\/wp\/v2\/categories?post=73864"},{"taxonomy":"post_tag","embeddable":true,"href":"https:\/\/www.spring-reiter.de\/en\/index.php\/wp-json\/wp\/v2\/tags?post=73864"}],"curies":[{"name":"wp","href":"https:\/\/api.w.org\/{rel}","templated":true}]}}