{"id":73868,"date":"2024-07-11T16:08:49","date_gmt":"2024-07-11T14:08:49","guid":{"rendered":"https:\/\/www.spring-reiter.de\/?p=73868"},"modified":"2024-07-11T16:08:52","modified_gmt":"2024-07-11T14:08:52","slug":"fn-praesident-erbel-zurueckgetreten-verbandsrat-verweigert-unter-anderem-ihm-und-geschaeftsfuehrer-lauterbach-die-entlastung","status":"publish","type":"post","link":"https:\/\/www.spring-reiter.de\/en\/index.php\/2024\/07\/11\/fn-praesident-erbel-zurueckgetreten-verbandsrat-verweigert-unter-anderem-ihm-und-geschaeftsfuehrer-lauterbach-die-entlastung\/","title":{"rendered":"FN-Pr\u00e4sident Erbel zur\u00fcckgetreten: Verbandsrat verweigert unter anderem ihm und Gesch\u00e4ftsf\u00fchrer Lauterbach die Entlastung!"},"content":{"rendered":"\n<p>In Warendorf hat sich der Verbandsrat der Deutschen Reiterlichen Vereinigung (FN) zu einer au\u00dferordentlichen Sitzung getroffen. Zentrale Themen waren Finanzen und Controlling des Verbandes. W\u00e4hrend das Pr\u00e4sidium mehrheitlich entlastet wurde, galt dies nicht f\u00fcr den FN-Pr\u00e4sidenten Hans-Joachim Erbel sowie den FN-Finanzkurator Gerhard Ziegler. Beide k\u00fcndigten daraufhin ihren R\u00fccktritt an. \u201eIch w\u00e4re dem Verband gerne weiter vorgestanden. Doch jetzt ist das Buch f\u00fcr mich geschlossen, ich trete mit Ende des heutigen Tages zur\u00fcck\u201c, sagte Erbel. Ebenfalls die Entlastung verwehrt wurde dem Vorsitzenden des gesch\u00e4ftsf\u00fchrenden Vorstandes, Soenke Lauterbach, sowie dem ehemaligen Gesch\u00e4ftsf\u00fchrer Personal und Finanzen Ren\u00e9 Straten. Vom Verbandsrat entlastet wurden der Gesch\u00e4ftsf\u00fchrer Sport, Dr. Dennis Peiler, sowie der Gesch\u00e4ftsf\u00fchrer Zucht, Dr. Klaus Miesner. Einstimmige Zustimmung fand dagegen der konsolidierte Haushalt 2024, der von einem unabh\u00e4ngigen Wirtschaftspr\u00fcfungsunternehmen als plausibel eingestuft worden war.<\/p>\n\n\n\n<p>Die au\u00dferordentliche Sitzung des Verbandsrates war notwendig geworden, da im Rahmen der regul\u00e4ren FN-Jahrestagung in Dresden die Entlastung des Pr\u00e4sidiums und Vorstands sowie die Genehmigung des Haushaltes f\u00fcr das Jahr 2024 vertagt worden waren. Grund daf\u00fcr war eine negative Entwicklung des Haushaltes, die im Fr\u00fchjahr kurz vor den Tagungen offenbar wurde. Danach fiel das f\u00fcr 2023 eingeplante Defizit doppelt so hoch aus wie urspr\u00fcnglich geplant. Dies wirkte sich auch auf die Planung 2024 aus. Im Rahmen der Tagung in Dresden konnte daher nur ein \u201emit hei\u00dfer Nadel gestrickter\u201c Haushalt 2024 vorgelegt werden. Die Abstimmung dar\u00fcber wurde vertagt. Stattdessen beschloss der Verbandsrat, zun\u00e4chst einen unabh\u00e4ngigen Wirtschaftspr\u00fcfer damit zu beauftragen, die finanzielle Situation zu durchleuchten und insbesondere das Controlling unter die Lupe zu nehmen. Vor allem sollte herausgefunden werden, ob das Controlling in der FN bislang ausreichend praktiziert wurde, welche Schw\u00e4chen die Kontrollmechanismen bislang hatten und wie diese optimiert werden k\u00f6nnen.<\/p>\n\n\n\n<p>Ein solches Unternehmen wurde mit der HLB Schumacher Wirtschaftspr\u00fcfungsgesellschaft aus M\u00fcnster gefunden. Im Rahmen der au\u00dferordentlichen Sitzung stellten die Wirtschaftspr\u00fcfer Dr. Michael Kaufmann und David Wippermann dem Verbandsrat ihre Erkenntnisse vor. Die wirtschaftliche Situation der FN bezeichneten sie als angespannt, aber nicht gef\u00e4hrdet. Es konnte weder eine \u00dcberschuldung noch eine Zahlungsunf\u00e4higkeit festgestellt werden. Allerdings bleibe die finanzielle Situation der FN, auch wenn sie aktuell unter Kontrolle ist, f\u00fcr die Zukunft anspruchsvoll. Die Verschlechterung der wirtschaftlichen Lage werde stark durch Abnahme an liquiden Mitteln getrieben. Die konsolidierte Haushaltsplanung stuften die Wirtschaftspr\u00fcfer als plausibel ein. Diese fand daher auch die Zustimmung des Verbandsrats.\u00a0(<em>fn-press)<\/em><\/p>\n","protected":false},"excerpt":{"rendered":"<p>In Warendorf hat sich der Verbandsrat der Deutschen Reiterlichen Vereinigung (FN) zu einer au\u00dferordentlichen Sitzung getroffen. Zentrale Themen waren Finanzen und Controlling des Verbandes. W\u00e4hrend das Pr\u00e4sidium mehrheitlich entlastet wurde, galt dies nicht f\u00fcr den FN-Pr\u00e4sidenten Hans-Joachim Erbel sowie den FN-Finanzkurator Gerhard Ziegler. Beide k\u00fcndigten daraufhin ihren R\u00fccktritt an. \u201eIch &hellip; <a class=\"kt-excerpt-readmore\" href=\"https:\/\/www.spring-reiter.de\/en\/index.php\/2024\/07\/11\/fn-praesident-erbel-zurueckgetreten-verbandsrat-verweigert-unter-anderem-ihm-und-geschaeftsfuehrer-lauterbach-die-entlastung\/\" aria-label=\"FN-Pr\u00e4sident Erbel zur\u00fcckgetreten: Verbandsrat verweigert unter anderem ihm und Gesch\u00e4ftsf\u00fchrer Lauterbach die Entlastung!\">Read More<\/a><\/p>\n","protected":false},"author":3,"featured_media":73869,"comment_status":"closed","ping_status":"open","sticky":false,"template":"","format":"standard","meta":{"footnotes":""},"categories":[1],"tags":[],"class_list":["post-73868","post","type-post","status-publish","format-standard","has-post-thumbnail","hentry","category-allgemein"],"translation":{"provider":"WPGlobus","version":"3.0.2","language":"en","enabled_languages":["de","en"],"languages":{"de":{"title":true,"content":true,"excerpt":false},"en":{"title":false,"content":false,"excerpt":false}}},"_links":{"self":[{"href":"https:\/\/www.spring-reiter.de\/en\/index.php\/wp-json\/wp\/v2\/posts\/73868","targetHints":{"allow":["GET"]}}],"collection":[{"href":"https:\/\/www.spring-reiter.de\/en\/index.php\/wp-json\/wp\/v2\/posts"}],"about":[{"href":"https:\/\/www.spring-reiter.de\/en\/index.php\/wp-json\/wp\/v2\/types\/post"}],"author":[{"embeddable":true,"href":"https:\/\/www.spring-reiter.de\/en\/index.php\/wp-json\/wp\/v2\/users\/3"}],"replies":[{"embeddable":true,"href":"https:\/\/www.spring-reiter.de\/en\/index.php\/wp-json\/wp\/v2\/comments?post=73868"}],"version-history":[{"count":0,"href":"https:\/\/www.spring-reiter.de\/en\/index.php\/wp-json\/wp\/v2\/posts\/73868\/revisions"}],"wp:featuredmedia":[{"embeddable":true,"href":"https:\/\/www.spring-reiter.de\/en\/index.php\/wp-json\/wp\/v2\/media\/73869"}],"wp:attachment":[{"href":"https:\/\/www.spring-reiter.de\/en\/index.php\/wp-json\/wp\/v2\/media?parent=73868"}],"wp:term":[{"taxonomy":"category","embeddable":true,"href":"https:\/\/www.spring-reiter.de\/en\/index.php\/wp-json\/wp\/v2\/categories?post=73868"},{"taxonomy":"post_tag","embeddable":true,"href":"https:\/\/www.spring-reiter.de\/en\/index.php\/wp-json\/wp\/v2\/tags?post=73868"}],"curies":[{"name":"wp","href":"https:\/\/api.w.org\/{rel}","templated":true}]}}