{"id":73929,"date":"2024-07-14T19:24:43","date_gmt":"2024-07-14T17:24:43","guid":{"rendered":"https:\/\/www.spring-reiter.de\/?p=73929"},"modified":"2024-07-15T12:07:55","modified_gmt":"2024-07-15T10:07:55","slug":"heimsieg-fuer-vince-jarmy-bei-budapest-gp-joerne-sprehe-fuenfte-im-stechen","status":"publish","type":"post","link":"https:\/\/www.spring-reiter.de\/en\/index.php\/2024\/07\/14\/heimsieg-fuer-vince-jarmy-bei-budapest-gp-joerne-sprehe-fuenfte-im-stechen\/","title":{"rendered":"Heimsieg f\u00fcr Vince Jarmy bei Budapest GP, J\u00f6rne Sprehe F\u00fcnfte im Stechen"},"content":{"rendered":"\n<p>Als zweiter Starter im Stechen des 3* Weltcup Grand Prix hatte Bruno Chimirri auf Samara (v. Cardento) mit fehlerfreien 39,16 Sekunden in Budapest eine H\u00fcrde aufgebaut, an der erst einmal alle Folgenden scheiterten. Bis als Vorletzter Vince Jarmy auf JB Koronaor (v. Keve) den verk\u00fcrzten Parcours in Angriff nahm. Nach ebenfalls fehlerfreien 39,04 Sekunden galoppierte das Paar \u00fcber die Ziellinie und sicherte unter lautstarkem Beifall den ungarischen Heimsieg.<\/p>\n\n\n\n<p>Nach ihm kam allerdings noch J\u00f6rne Sprehe mit Hickstead White (v. Hickstead) herein, war am Ende die Einzige, die mit 38,47 Sekunden unter der 39-Sekunden-Marke blieb, aber hatte Pech: Die vorletzte Stange fiel. Dadurch wurde es Platz f\u00fcnf statt des m\u00f6glichen Sieges.<\/p>\n\n\n\n<p>Max K\u00fchner, der sich mit dem erst neunj\u00e4hrigen EIC Anton SBK Z (v. Arko III) ebenfalls f\u00fcr das Stechen qualifiziert hatte, ersparte seinem Youngster die Anstrengung und wurde so Elfter.<\/p>\n\n\n\n<p>Das komplette Ergebnis <a href=\"https:\/\/www.longinestiming.com\/equestrian\/2024\/longines-eef-nations-cup-sf-budapest-budapest\/resultlist_17.html\">hier<\/a><\/p>\n","protected":false},"excerpt":{"rendered":"<p>Als zweiter Starter im Stechen des 3* Weltcup Grand Prix hatte Bruno Chimirri auf Samara (v. Cardento) mit fehlerfreien 39,16 Sekunden in Budapest eine H\u00fcrde aufgebaut, an der erst einmal alle Folgenden scheiterten. Bis als Vorletzter Vince Jarmy auf JB Koronaor (v. Keve) den verk\u00fcrzten Parcours in Angriff nahm. Nach &hellip; <a class=\"kt-excerpt-readmore\" href=\"https:\/\/www.spring-reiter.de\/en\/index.php\/2024\/07\/14\/heimsieg-fuer-vince-jarmy-bei-budapest-gp-joerne-sprehe-fuenfte-im-stechen\/\" aria-label=\"Heimsieg f\u00fcr Vince Jarmy bei Budapest GP, J\u00f6rne Sprehe F\u00fcnfte im Stechen\">Read More<\/a><\/p>\n","protected":false},"author":3,"featured_media":73930,"comment_status":"closed","ping_status":"open","sticky":false,"template":"","format":"standard","meta":{"footnotes":""},"categories":[1],"tags":[],"class_list":["post-73929","post","type-post","status-publish","format-standard","has-post-thumbnail","hentry","category-allgemein"],"translation":{"provider":"WPGlobus","version":"3.0.2","language":"en","enabled_languages":["de","en"],"languages":{"de":{"title":true,"content":true,"excerpt":false},"en":{"title":false,"content":false,"excerpt":false}}},"_links":{"self":[{"href":"https:\/\/www.spring-reiter.de\/en\/index.php\/wp-json\/wp\/v2\/posts\/73929","targetHints":{"allow":["GET"]}}],"collection":[{"href":"https:\/\/www.spring-reiter.de\/en\/index.php\/wp-json\/wp\/v2\/posts"}],"about":[{"href":"https:\/\/www.spring-reiter.de\/en\/index.php\/wp-json\/wp\/v2\/types\/post"}],"author":[{"embeddable":true,"href":"https:\/\/www.spring-reiter.de\/en\/index.php\/wp-json\/wp\/v2\/users\/3"}],"replies":[{"embeddable":true,"href":"https:\/\/www.spring-reiter.de\/en\/index.php\/wp-json\/wp\/v2\/comments?post=73929"}],"version-history":[{"count":0,"href":"https:\/\/www.spring-reiter.de\/en\/index.php\/wp-json\/wp\/v2\/posts\/73929\/revisions"}],"wp:featuredmedia":[{"embeddable":true,"href":"https:\/\/www.spring-reiter.de\/en\/index.php\/wp-json\/wp\/v2\/media\/73930"}],"wp:attachment":[{"href":"https:\/\/www.spring-reiter.de\/en\/index.php\/wp-json\/wp\/v2\/media?parent=73929"}],"wp:term":[{"taxonomy":"category","embeddable":true,"href":"https:\/\/www.spring-reiter.de\/en\/index.php\/wp-json\/wp\/v2\/categories?post=73929"},{"taxonomy":"post_tag","embeddable":true,"href":"https:\/\/www.spring-reiter.de\/en\/index.php\/wp-json\/wp\/v2\/tags?post=73929"}],"curies":[{"name":"wp","href":"https:\/\/api.w.org\/{rel}","templated":true}]}}