{"id":74004,"date":"2024-07-17T11:08:27","date_gmt":"2024-07-17T09:08:27","guid":{"rendered":"https:\/\/www.spring-reiter.de\/?p=74004"},"modified":"2024-07-17T11:08:29","modified_gmt":"2024-07-17T09:08:29","slug":"soenke-lauterbach-zieht-konsequenzen-und-verlaesst-die-fn","status":"publish","type":"post","link":"https:\/\/www.spring-reiter.de\/en\/index.php\/2024\/07\/17\/soenke-lauterbach-zieht-konsequenzen-und-verlaesst-die-fn\/","title":{"rendered":"Soenke Lauterbach zieht Konsequenzen und verl\u00e4sst die FN!"},"content":{"rendered":"\n<p>Soenke Lauterbach, Vorsitzender des Gesch\u00e4ftsf\u00fchrenden Vorstandes und Generalsekret\u00e4r der Deutschen Reiterlichen Vereinigung (FN), verl\u00e4sst die FN. Lauterbach, der seit 2009 den Verband hauptamtlich f\u00fchrt, hat das Pr\u00e4sidium am vergangenen Montag und die Mitarbeiter in einer heutigen Mitarbeiterversammlung dar\u00fcber informiert, dass er seinen Dienstvertrag mit Wirkung zum 30. September 2025 gek\u00fcndigt hat.<\/p>\n\n\n\n<p>Erst in der vergangenen Woche standen das Haushaltsdefizit der FN im Jahr 2023 und ein Gutachten zu den Kontrollmechanismen im Mittelpunkt einer au\u00dferordentlichen Verbandstagung in Warendorf. Das unabh\u00e4ngige Gutachten bescheinigte dem Verband trotz einiger Optimierungspotentiale angemessene Kontrollmechanismen und stufte den Haushaltsplan 2024 als insgesamt plausibel ein. W\u00e4hrend die Versammlung den Haushaltsplan 2024 genehmigte, wurden allerdings Pr\u00e4sident, Finanzkurator und Generalsekret\u00e4r nicht entlastet.<\/p>\n\n\n\n<p>\u201eDas Vertrauen in meine Person hat massiv gelitten und die Kritik am Verband hat sich in den letzten Wochen immer mehr auf meine Person zugespitzt. Ich habe das Gef\u00fchl, dass ich zunehmend zur Belastung f\u00fcr die FN geworden bin. Ich sehe mich nicht mehr in der Position, den Verband auf Dauer zu f\u00fchren\u201c, erkl\u00e4rt der 50-j\u00e4hrige Jurist. Wenngleich im Verbandsrat \u00fcber die nicht erteilte Entlastung hinaus keine Personaldebatte gef\u00fchrt worden ist, zieht Lauterbach jetzt pers\u00f6nliche Konsequenzen. \u201eIch \u00fcbernehme die Verantwortung f\u00fcr die Fehler, die im Rahmen der Haushaltsplanung und \u00dcberwachung 2023\/2024 gemacht wurden und daf\u00fcr, dass unsere Kontrollmechanismen nicht gut genug funktioniert haben\u201c, so der Generalsekret\u00e4r.<\/p>\n\n\n\n<p>FN-Vizepr\u00e4sident Dr. Harald Hohmann bedauert die Entscheidung seines Generalsekret\u00e4rs zutiefst: \u201eIch musste diese Nachricht erst einmal verdauen. Soenke Lauterbach ist aus Sicht des Pr\u00e4sidiums und aus meiner Sicht der richtige Mann an der richtigen Stelle. Soenke Lauterbach hat gemeinsam mit seinen Kollegen im Vorstand und mit den zust\u00e4ndigen Gremien der FN aus den Vers\u00e4umnissen und Fehlern der Vergangenheit die richtigen Schl\u00fcsse gezogen und Ma\u00dfnahmen vorgeschlagen bzw. bereits umgesetzt, die zur Bew\u00e4ltigung der aktuellen Situation erforderlich sind. Er genoss stets das uneingeschr\u00e4nkte Vertrauen der ehrenamtlichen und hauptamtlichen F\u00fchrungsorgane. Umso bitterer ist, dass er uns verlassen m\u00f6chte. Die Entscheidung von Soenke Lauterbach verdient unseren gr\u00f6\u00dften Respekt.\u201c<\/p>\n\n\n\n<p>Bis zu seinem Ausscheiden nimmt Soenke Lauterbach seine Aufgaben weiter in vollem Umfang wahr. \u201eIch werde meine ganze Kraft f\u00fcr die anstehenden Aufgaben einsetzen, um den Verband wieder in sicheres Fahrwasser zu f\u00fchren.\u201c <em>(fn-press)<\/em><\/p>\n","protected":false},"excerpt":{"rendered":"<p>Soenke Lauterbach, Vorsitzender des Gesch\u00e4ftsf\u00fchrenden Vorstandes und Generalsekret\u00e4r der Deutschen Reiterlichen Vereinigung (FN), verl\u00e4sst die FN. Lauterbach, der seit 2009 den Verband hauptamtlich f\u00fchrt, hat das Pr\u00e4sidium am vergangenen Montag und die Mitarbeiter in einer heutigen Mitarbeiterversammlung dar\u00fcber informiert, dass er seinen Dienstvertrag mit Wirkung zum 30. September 2025 gek\u00fcndigt &hellip; <a class=\"kt-excerpt-readmore\" href=\"https:\/\/www.spring-reiter.de\/en\/index.php\/2024\/07\/17\/soenke-lauterbach-zieht-konsequenzen-und-verlaesst-die-fn\/\" aria-label=\"Soenke Lauterbach zieht Konsequenzen und verl\u00e4sst die FN!\">Read More<\/a><\/p>\n","protected":false},"author":3,"featured_media":74005,"comment_status":"closed","ping_status":"open","sticky":false,"template":"","format":"standard","meta":{"footnotes":""},"categories":[1],"tags":[],"class_list":["post-74004","post","type-post","status-publish","format-standard","has-post-thumbnail","hentry","category-allgemein"],"translation":{"provider":"WPGlobus","version":"3.0.2","language":"en","enabled_languages":["de","en"],"languages":{"de":{"title":true,"content":true,"excerpt":false},"en":{"title":false,"content":false,"excerpt":false}}},"_links":{"self":[{"href":"https:\/\/www.spring-reiter.de\/en\/index.php\/wp-json\/wp\/v2\/posts\/74004","targetHints":{"allow":["GET"]}}],"collection":[{"href":"https:\/\/www.spring-reiter.de\/en\/index.php\/wp-json\/wp\/v2\/posts"}],"about":[{"href":"https:\/\/www.spring-reiter.de\/en\/index.php\/wp-json\/wp\/v2\/types\/post"}],"author":[{"embeddable":true,"href":"https:\/\/www.spring-reiter.de\/en\/index.php\/wp-json\/wp\/v2\/users\/3"}],"replies":[{"embeddable":true,"href":"https:\/\/www.spring-reiter.de\/en\/index.php\/wp-json\/wp\/v2\/comments?post=74004"}],"version-history":[{"count":0,"href":"https:\/\/www.spring-reiter.de\/en\/index.php\/wp-json\/wp\/v2\/posts\/74004\/revisions"}],"wp:featuredmedia":[{"embeddable":true,"href":"https:\/\/www.spring-reiter.de\/en\/index.php\/wp-json\/wp\/v2\/media\/74005"}],"wp:attachment":[{"href":"https:\/\/www.spring-reiter.de\/en\/index.php\/wp-json\/wp\/v2\/media?parent=74004"}],"wp:term":[{"taxonomy":"category","embeddable":true,"href":"https:\/\/www.spring-reiter.de\/en\/index.php\/wp-json\/wp\/v2\/categories?post=74004"},{"taxonomy":"post_tag","embeddable":true,"href":"https:\/\/www.spring-reiter.de\/en\/index.php\/wp-json\/wp\/v2\/tags?post=74004"}],"curies":[{"name":"wp","href":"https:\/\/api.w.org\/{rel}","templated":true}]}}