{"id":74012,"date":"2024-07-17T15:51:59","date_gmt":"2024-07-17T13:51:59","guid":{"rendered":"https:\/\/www.spring-reiter.de\/?p=74012"},"modified":"2024-07-17T15:52:03","modified_gmt":"2024-07-17T13:52:03","slug":"fn-setzt-findungskommission-zur-suche-nach-neuem-praesidenten-ein","status":"publish","type":"post","link":"https:\/\/www.spring-reiter.de\/en\/index.php\/2024\/07\/17\/fn-setzt-findungskommission-zur-suche-nach-neuem-praesidenten-ein\/","title":{"rendered":"FN setzt Findungskommission zur Suche nach neuem Pr\u00e4sidenten ein"},"content":{"rendered":"\n<p>Nach den R\u00fccktritten des Pr\u00e4sidenten und des Finanzkurators hat das Pr\u00e4sidium der Deutschen Reiterlichen Vereinigung (FN) entschieden, nicht bis zu den turnusm\u00e4\u00dfig anstehenden Neuwahlen im Jahr 2025 zu warten, sondern noch in diesem Jahr Nachwahlen f\u00fcr beiden Positionen anzustreben.<\/p>\n\n\n\n<p>Laut FN-Satzung wird der Pr\u00e4sident vom Beirat Sport vorgeschlagen. Sobald sich dieser auf einen Pr\u00e4sidentschaftskandidaten oder eine -kandidatin verst\u00e4ndigt hat, wird das Pr\u00e4sidium zu einer au\u00dferordentlichen Mitgliederversammlung einladen. Voraussichtlicher Termin ist Mitte November.<\/p>\n\n\n\n<p>Um geeignete Kandidaten zu identifizieren und dem Beirat Sport und den Mitglieds- und Anschlussverb\u00e4nden vorzuschlagen, hat das Pr\u00e4sidium eine Findungskommission berufen \u2013 ein entsprechender Vorschlag wurde auch im Rahmen der au\u00dferordentlichen Verbandsratssitzung gemacht. Die Findungskommission setzt sich aus zehn Personen zusammen, nimmt Vorschl\u00e4ge entgegen und kann selbst solche machen. Sprecher der Findungskommission sind Dieter Medow als Sprecher der Landesverb\u00e4nde sowie Theo Leuchten, Vize-Pr\u00e4sident Zucht. Der Kommission geh\u00f6ren au\u00dferdem FN-Vizepr\u00e4sident Dr. Harald Hohmann, Peter Hofmann, Heike K\u00f6rner und Ingrid Klimke aus dem Bereich Sport sowie Dr. Norbert Camp und Carsten Grill aus dem Bereich Zucht plus FN-Vizepr\u00e4sidentin Annett Schellenberger und Rudolph Herzog von Cro\u00ff aus dem Bereich Pers\u00f6nliche Mitglieder an. <em>(fn-press)<\/em><\/p>\n","protected":false},"excerpt":{"rendered":"<p>Nach den R\u00fccktritten des Pr\u00e4sidenten und des Finanzkurators hat das Pr\u00e4sidium der Deutschen Reiterlichen Vereinigung (FN) entschieden, nicht bis zu den turnusm\u00e4\u00dfig anstehenden Neuwahlen im Jahr 2025 zu warten, sondern noch in diesem Jahr Nachwahlen f\u00fcr beiden Positionen anzustreben. Laut FN-Satzung wird der Pr\u00e4sident vom Beirat Sport vorgeschlagen. Sobald sich &hellip; <a class=\"kt-excerpt-readmore\" href=\"https:\/\/www.spring-reiter.de\/en\/index.php\/2024\/07\/17\/fn-setzt-findungskommission-zur-suche-nach-neuem-praesidenten-ein\/\" aria-label=\"FN setzt Findungskommission zur Suche nach neuem Pr\u00e4sidenten ein\">Read More<\/a><\/p>\n","protected":false},"author":3,"featured_media":71956,"comment_status":"closed","ping_status":"open","sticky":false,"template":"","format":"standard","meta":{"footnotes":""},"categories":[1],"tags":[],"class_list":["post-74012","post","type-post","status-publish","format-standard","has-post-thumbnail","hentry","category-allgemein"],"translation":{"provider":"WPGlobus","version":"3.0.2","language":"en","enabled_languages":["de","en"],"languages":{"de":{"title":true,"content":true,"excerpt":false},"en":{"title":false,"content":false,"excerpt":false}}},"_links":{"self":[{"href":"https:\/\/www.spring-reiter.de\/en\/index.php\/wp-json\/wp\/v2\/posts\/74012","targetHints":{"allow":["GET"]}}],"collection":[{"href":"https:\/\/www.spring-reiter.de\/en\/index.php\/wp-json\/wp\/v2\/posts"}],"about":[{"href":"https:\/\/www.spring-reiter.de\/en\/index.php\/wp-json\/wp\/v2\/types\/post"}],"author":[{"embeddable":true,"href":"https:\/\/www.spring-reiter.de\/en\/index.php\/wp-json\/wp\/v2\/users\/3"}],"replies":[{"embeddable":true,"href":"https:\/\/www.spring-reiter.de\/en\/index.php\/wp-json\/wp\/v2\/comments?post=74012"}],"version-history":[{"count":0,"href":"https:\/\/www.spring-reiter.de\/en\/index.php\/wp-json\/wp\/v2\/posts\/74012\/revisions"}],"wp:featuredmedia":[{"embeddable":true,"href":"https:\/\/www.spring-reiter.de\/en\/index.php\/wp-json\/wp\/v2\/media\/71956"}],"wp:attachment":[{"href":"https:\/\/www.spring-reiter.de\/en\/index.php\/wp-json\/wp\/v2\/media?parent=74012"}],"wp:term":[{"taxonomy":"category","embeddable":true,"href":"https:\/\/www.spring-reiter.de\/en\/index.php\/wp-json\/wp\/v2\/categories?post=74012"},{"taxonomy":"post_tag","embeddable":true,"href":"https:\/\/www.spring-reiter.de\/en\/index.php\/wp-json\/wp\/v2\/tags?post=74012"}],"curies":[{"name":"wp","href":"https:\/\/api.w.org\/{rel}","templated":true}]}}