{"id":74205,"date":"2024-07-24T13:24:36","date_gmt":"2024-07-24T11:24:36","guid":{"rendered":"https:\/\/www.spring-reiter.de\/?p=74205"},"modified":"2024-07-24T13:24:38","modified_gmt":"2024-07-24T11:24:38","slug":"top-reiter-gehen-beim-summer-festival-2-in-der-longines-tops-international-arena-an-den-start","status":"publish","type":"post","link":"https:\/\/www.spring-reiter.de\/en\/index.php\/2024\/07\/24\/top-reiter-gehen-beim-summer-festival-2-in-der-longines-tops-international-arena-an-den-start\/","title":{"rendered":"Top-Reiter gehen beim Summer Festival 2 in der Longines Tops International Arena an den Start"},"content":{"rendered":"\n<p>Die Vorbereitungen f\u00fcr das Summer Festival 2 &#8211; Summer Showcase sind in vollem Gange, und es sind viele Top-Reiter, die vom 26. bis 28. Juli in der Longines Tops International Arena antreten werden. Diese Veranstaltung verspricht ein unvergessliches Wochenende mit spannendem Springsport in einer lebhaften Atmosph\u00e4re.<\/p>\n\n\n\n<p>Das Summer Festival 2 &#8211; Summer Showcase ist der zweite Teil der Summer Festival Series in der Longines Tops International Arena und lockt auch eine Reihe von Talenten aus der ganzen Welt, die f\u00fcr ein episches Spektakel an Geschicklichkeit, Pr\u00e4zision und Reitkunst sorgen werden.<\/p>\n\n\n\n<p>In der Longines Tops International Arena werden am kommenden Wochenende einige der gr\u00f6\u00dften Namen des Springsports zu Gast sein und neben internationalen Ikonen des Sports werden auch niederl\u00e4ndische Springreiter begr\u00fc\u00dft werden: Harrie Smolders, Sanne Thijssen, Leopold van Asten, Mathijs van Asten, Kim Emmen und Maikel van der Vleuten werden in der Hauptarena ihre weltbekannte Pr\u00e4zision und ihr K\u00f6nnen unter Beweis stellen.<\/p>\n\n\n\n<p>Belgische Reiter wie Nicola Philippaerts und Koen Vereecke sowie der franz\u00f6sische Springreiter Kevin Staut werden versuchen, in der Longines Tops International Arena die besten Ergebnisse zu erzielen. Der irische Reiter Michael Pender und die italienische Springreiter-Sensation Lorenzo De Luca werden auf der Jagd nach einem Sieg in der wundersch\u00f6nen Grasarena sein.<\/p>\n\n\n\n<p>Abgerundet wird die Liste der Top-Namen durch den australischen Springreiter-Star Edwina Tops-Alexander, die in ihrer Heimat Valkenswaard in der Hauptarena ihr K\u00f6nnen unter Beweis stellen wird.<\/p>\n\n\n\n<p>Die komplette Reiterliste <a href=\"https:\/\/www.topsinternationalarena.com\/events\/summer-showcase\/riders?vgo_ee=LRSvSDc8ozD2maGFNPUzh26Z1wra10rv8U1YZQzVr1R1kIo5BkG1be9UQD4lBA%3D%3D%3A92srg2wzz3lVknrPlD5nt8B1ROGYg4TW\">hier<\/a><\/p>\n\n\n\n<p>Im Herzen des holl\u00e4ndischen Pferdesports, in der kultigen Longines Tops International Arena, startet das Summer Festival 2 &#8211; Summer Showcase als Fortsetzung eines Sommers von Weltklasse-Reitsportveranstaltungen, die in dieser Saison in der Longines Tops International Arena stattfinden. Die Longines Tops International Arena bietet sowohl erstklassige Einrichtungen f\u00fcr die Teilnehmer als auch ein weitl\u00e4ufiges Einkaufszentrum und luxuri\u00f6se Zuschauererlebnisse &#8211; ein wahrhaft unvergleichliches Erlebnis.<\/p>\n\n\n\n<p>Lassen Sie sich dieses unglaubliche Ereignis nicht entgehen. Merken Sie sich den 26. bis 28. Juli vor und besuchen Sie uns in der Longines Tops International Arena beim Summer Festival 2 &#8211; Summer Showcase. Der Kartenvorverkauf l\u00e4uft auf Hochtouren, also sichern Sie sich jetzt Ihre Tickets f\u00fcr ein Wochenende voller Spannung, Eleganz und Spitzenleistungen im Pferdesport.<\/p>\n\n\n\n<p>Zu den Tickets <a href=\"https:\/\/www.topsinternationalarena.com\/ticketing\">hier<\/a><\/p>\n","protected":false},"excerpt":{"rendered":"<p>Die Vorbereitungen f\u00fcr das Summer Festival 2 &#8211; Summer Showcase sind in vollem Gange, und es sind viele Top-Reiter, die vom 26. bis 28. Juli in der Longines Tops International Arena antreten werden. Diese Veranstaltung verspricht ein unvergessliches Wochenende mit spannendem Springsport in einer lebhaften Atmosph\u00e4re. Das Summer Festival 2 &hellip; <a class=\"kt-excerpt-readmore\" href=\"https:\/\/www.spring-reiter.de\/en\/index.php\/2024\/07\/24\/top-reiter-gehen-beim-summer-festival-2-in-der-longines-tops-international-arena-an-den-start\/\" aria-label=\"Top-Reiter gehen beim Summer Festival 2 in der Longines Tops International Arena an den Start\">Read More<\/a><\/p>\n","protected":false},"author":3,"featured_media":0,"comment_status":"closed","ping_status":"open","sticky":false,"template":"","format":"standard","meta":{"footnotes":""},"categories":[1],"tags":[],"class_list":["post-74205","post","type-post","status-publish","format-standard","hentry","category-allgemein"],"translation":{"provider":"WPGlobus","version":"3.0.2","language":"en","enabled_languages":["de","en"],"languages":{"de":{"title":true,"content":true,"excerpt":false},"en":{"title":false,"content":false,"excerpt":false}}},"_links":{"self":[{"href":"https:\/\/www.spring-reiter.de\/en\/index.php\/wp-json\/wp\/v2\/posts\/74205","targetHints":{"allow":["GET"]}}],"collection":[{"href":"https:\/\/www.spring-reiter.de\/en\/index.php\/wp-json\/wp\/v2\/posts"}],"about":[{"href":"https:\/\/www.spring-reiter.de\/en\/index.php\/wp-json\/wp\/v2\/types\/post"}],"author":[{"embeddable":true,"href":"https:\/\/www.spring-reiter.de\/en\/index.php\/wp-json\/wp\/v2\/users\/3"}],"replies":[{"embeddable":true,"href":"https:\/\/www.spring-reiter.de\/en\/index.php\/wp-json\/wp\/v2\/comments?post=74205"}],"version-history":[{"count":0,"href":"https:\/\/www.spring-reiter.de\/en\/index.php\/wp-json\/wp\/v2\/posts\/74205\/revisions"}],"wp:attachment":[{"href":"https:\/\/www.spring-reiter.de\/en\/index.php\/wp-json\/wp\/v2\/media?parent=74205"}],"wp:term":[{"taxonomy":"category","embeddable":true,"href":"https:\/\/www.spring-reiter.de\/en\/index.php\/wp-json\/wp\/v2\/categories?post=74205"},{"taxonomy":"post_tag","embeddable":true,"href":"https:\/\/www.spring-reiter.de\/en\/index.php\/wp-json\/wp\/v2\/tags?post=74205"}],"curies":[{"name":"wp","href":"https:\/\/api.w.org\/{rel}","templated":true}]}}