{"id":74361,"date":"2024-07-31T19:32:00","date_gmt":"2024-07-31T17:32:00","guid":{"rendered":"https:\/\/www.spring-reiter.de\/?p=74361"},"modified":"2024-07-31T19:32:04","modified_gmt":"2024-07-31T17:32:04","slug":"zum-zweiten-mal-kein-olympia-start-fuer-kevin-staut-weil-viking-nicht-fit-ist","status":"publish","type":"post","link":"https:\/\/www.spring-reiter.de\/en\/index.php\/2024\/07\/31\/zum-zweiten-mal-kein-olympia-start-fuer-kevin-staut-weil-viking-nicht-fit-ist\/","title":{"rendered":"Zum zweiten Mal kein Olympia-Start f\u00fcr Kevin Staut, weil Viking nicht fit ist"},"content":{"rendered":"\n<p>Das ist bitter f\u00fcr Kevin Staut, der 2016 in Rio mit dem franz\u00f6sischen Team die Mannschafts-Goldmedaille gewann: Auch in der Nachpr\u00fcfung bekam sein 15j\u00e4hriger Viking D\u2019la Rousserie (v. Quaprice Bois Margot) keine Starterlaubnis, also nicht das Urteil \u201efit to compete\u201c und damit sind f\u00fcr Reiter und Pferd die Olympischen Spiele zu Hause in Paris vorbei, ehe sie begonnen haben. Dazu ist es noch ein D\u00e9j\u00e0-vu-Erlebnis: Auch die Olympischen Spiele in Tokio 2021 hat er verpasst, weil Kevin Staut im Juni selbst feststellte, dass Viking nicht fit genug war.<\/p>\n\n\n\n<p>Diesmal, so sagte es Kevin Staut nach seinem Aus, hatte er vor dem Vetcheck noch das Gef\u00fchl, dass alles in Ordnung ist. Beim morgendlichen Ritt habe sich alles v\u00f6llig normal angef\u00fchlt.<\/p>\n\n\n\n<p>F\u00fcr ihn ist jetzt Olivier Perreau mit Dorai d&#8217;Aiguilly (v. Kannan) ins franz\u00f6sische Team gerutscht.<\/p>\n\n\n\n<p>Auch die Mexikaner mussten nach dem Vetcheck umplanen: Contendros, der 17-j\u00e4hrige Hannoveraner Hengst des mexikanischen Teamreiters Andres Azcarraga, war ebenfalls nicht \u201efit to compete\u201c und bekam keine Starterlaubnis. Das Paar wird durch Federico Fernandez auf Romeo ersetzt.<\/p>\n","protected":false},"excerpt":{"rendered":"<p>Das ist bitter f\u00fcr Kevin Staut, der 2016 in Rio mit dem franz\u00f6sischen Team die Mannschafts-Goldmedaille gewann: Auch in der Nachpr\u00fcfung bekam sein 15j\u00e4hriger Viking D\u2019la Rousserie (v. Quaprice Bois Margot) keine Starterlaubnis, also nicht das Urteil \u201efit to compete\u201c und damit sind f\u00fcr Reiter und Pferd die Olympischen Spiele &hellip; <a class=\"kt-excerpt-readmore\" href=\"https:\/\/www.spring-reiter.de\/en\/index.php\/2024\/07\/31\/zum-zweiten-mal-kein-olympia-start-fuer-kevin-staut-weil-viking-nicht-fit-ist\/\" aria-label=\"Zum zweiten Mal kein Olympia-Start f\u00fcr Kevin Staut, weil Viking nicht fit ist\">Read More<\/a><\/p>\n","protected":false},"author":3,"featured_media":74363,"comment_status":"closed","ping_status":"open","sticky":false,"template":"","format":"standard","meta":{"footnotes":""},"categories":[1],"tags":[],"class_list":["post-74361","post","type-post","status-publish","format-standard","has-post-thumbnail","hentry","category-allgemein"],"translation":{"provider":"WPGlobus","version":"3.0.2","language":"en","enabled_languages":["de","en"],"languages":{"de":{"title":true,"content":true,"excerpt":false},"en":{"title":false,"content":false,"excerpt":false}}},"_links":{"self":[{"href":"https:\/\/www.spring-reiter.de\/en\/index.php\/wp-json\/wp\/v2\/posts\/74361","targetHints":{"allow":["GET"]}}],"collection":[{"href":"https:\/\/www.spring-reiter.de\/en\/index.php\/wp-json\/wp\/v2\/posts"}],"about":[{"href":"https:\/\/www.spring-reiter.de\/en\/index.php\/wp-json\/wp\/v2\/types\/post"}],"author":[{"embeddable":true,"href":"https:\/\/www.spring-reiter.de\/en\/index.php\/wp-json\/wp\/v2\/users\/3"}],"replies":[{"embeddable":true,"href":"https:\/\/www.spring-reiter.de\/en\/index.php\/wp-json\/wp\/v2\/comments?post=74361"}],"version-history":[{"count":0,"href":"https:\/\/www.spring-reiter.de\/en\/index.php\/wp-json\/wp\/v2\/posts\/74361\/revisions"}],"wp:featuredmedia":[{"embeddable":true,"href":"https:\/\/www.spring-reiter.de\/en\/index.php\/wp-json\/wp\/v2\/media\/74363"}],"wp:attachment":[{"href":"https:\/\/www.spring-reiter.de\/en\/index.php\/wp-json\/wp\/v2\/media?parent=74361"}],"wp:term":[{"taxonomy":"category","embeddable":true,"href":"https:\/\/www.spring-reiter.de\/en\/index.php\/wp-json\/wp\/v2\/categories?post=74361"},{"taxonomy":"post_tag","embeddable":true,"href":"https:\/\/www.spring-reiter.de\/en\/index.php\/wp-json\/wp\/v2\/tags?post=74361"}],"curies":[{"name":"wp","href":"https:\/\/api.w.org\/{rel}","templated":true}]}}