{"id":79661,"date":"2024-10-13T17:41:07","date_gmt":"2024-10-13T15:41:07","guid":{"rendered":"https:\/\/www.spring-reiter.de\/?p=79661"},"modified":"2024-10-13T17:41:10","modified_gmt":"2024-10-13T15:41:10","slug":"dsp-reitpferdeauktion-sattelkoerung-2024-in-marbach","status":"publish","type":"post","link":"https:\/\/www.spring-reiter.de\/en\/index.php\/2024\/10\/13\/dsp-reitpferdeauktion-sattelkoerung-2024-in-marbach\/","title":{"rendered":"DSP Reitpferdeauktion &amp; Sattelk\u00f6rung 2024 in Marbach"},"content":{"rendered":"\n<p>Am 26. und 27. Oktober 2024 \u00f6ffnet der Pferdezuchtverband Baden-W\u00fcrttemberg e.V. die Tore der gro\u00dfen Marbacher Reithalle f\u00fcr die traditionelle Herbstauktion.<\/p>\n\n\n\n<p>In der 50k\u00f6pfigen Kollektion ist vom Hochkar\u00e4ter f\u00fcr Dressur und Springen, \u00fcber Komfortpferde bis hin zu Reitponys f\u00fcr Jeden etwas dabei.<\/p>\n\n\n\n<p>Die Kollektion mit allen wichtigen Informationen zu den Auktionskandidaten sowie Fotos und Videos ist ab sofort \u00f6ffentlich unter <strong><a href=\"http:\/\/auktion.pzvbw.de\">auktion.pzvbw.de<\/a><\/strong><\/p>\n\n\n\n<p>F\u00fcr Fragen zu den Pferden und Ponys sowie zur Terminvereinbarung steht Auktionsleiter Norbert Freistedt unter +49 (0) 152 52 717 888 jederzeit zur Verf\u00fcgung.<\/p>\n\n\n\n<p><strong><em>Marbach riding horse auction \u2013 the collection is online<\/em><\/strong><\/p>\n\n\n\n<p><em>On October 26th and 27th, 2024, the Pferdezuchtverband Baden-W\u00fcrttemberg e.V. will open the gates of the large Marbach indoor school for the traditional autumn auction.<\/em><\/p>\n\n\n\n<p><em>The 50-strong collection has something for everyone, from top-class dressage and jumping horses to comfort horses and riding ponies.<\/em><\/p>\n\n\n\n<p><em>The collection with all important information about the auction candidates as well as photos and videos is now public at <strong><a href=\"http:\/\/auktion.pzvbw.de\">auktion.pzvbw.de<\/a><\/strong><\/em><\/p>\n\n\n\n<p><em>If you have any questions about the horses and ponies or making an appointment, sales manager Norbert Freistedt is available at any time on +49 (0) 152 52 717 888.<\/em><\/p>\n\n\n\n<p><strong>ZEITPLAN <\/strong>&nbsp;&nbsp;&nbsp;&nbsp;&nbsp;&nbsp;<\/p>\n\n\n\n<p>Kartenbestellung unter: <strong><a href=\"http:\/\/www.pzvbw.de\">www.pzvbw.de<\/a><\/strong><\/p>\n\n\n\n<p><br><strong>Samstag, 19. Oktober &nbsp;&nbsp;&nbsp;&nbsp;&nbsp; Live auf ClipMyHorse<\/strong><\/p>\n\n\n\n<p>14.00 Uhr &nbsp;&nbsp;&nbsp;&nbsp;&nbsp;&nbsp;&nbsp;&nbsp;&nbsp;&nbsp;&nbsp; Pr\u00e4sentation der Springkollektion<\/p>\n\n\n\n<p>Ca. 16.00 Uhr &nbsp; Pr\u00e4sentation der Dressurkollektion<\/p>\n\n\n\n<p><strong>Freitag, 25. Oktober<\/strong><\/p>\n\n\n\n<p>17.00 &nbsp;&nbsp;&nbsp;&nbsp;&nbsp;&nbsp;&nbsp;&nbsp;&nbsp;&nbsp;&nbsp;&nbsp;&nbsp;&nbsp;&nbsp; &nbsp;&nbsp; Probefreispringen<\/p>\n\n\n\n<p><strong>Samstag, 26. Oktober<\/strong><\/p>\n\n\n\n<p>10.00 Uhr &nbsp;&nbsp;&nbsp;&nbsp;&nbsp;&nbsp;&nbsp;&nbsp; &nbsp;&nbsp; Finale Kids-Cup<\/p>\n\n\n\n<p>13.00 Uhr &nbsp;&nbsp;&nbsp;&nbsp;&nbsp;&nbsp;&nbsp;&nbsp; &nbsp;&nbsp; Pflastermusterung Sattelk\u00f6rung und Ponyk\u00f6rung<\/p>\n\n\n\n<p>14.00 Uhr &nbsp;&nbsp;&nbsp;&nbsp;&nbsp;&nbsp;&nbsp;&nbsp; &nbsp;&nbsp; Freilaufen und Freispringen Sattelk\u00f6rung und Ponyk\u00f6rung<\/p>\n\n\n\n<p>16.00 Uhr &nbsp;&nbsp;&nbsp;&nbsp;&nbsp;&nbsp;&nbsp;&nbsp; &nbsp;&nbsp; Reiten Sattelk\u00f6rung<\/p>\n\n\n\n<p>16.30 Uhr &nbsp;&nbsp;&nbsp;&nbsp;&nbsp;&nbsp;&nbsp;&nbsp; &nbsp;&nbsp; Schrittringe und Verk\u00fcndung K\u00f6rurteile<\/p>\n\n\n\n<p>19.00 Uhr &nbsp;&nbsp;&nbsp;&nbsp;&nbsp;&nbsp;&nbsp;&nbsp; &nbsp;&nbsp; Galaabend in der festlich geschm\u00fcckten Reithalle des Haupt- und Landgest\u00fctes<\/p>\n\n\n\n<p>22.00 Uhr &nbsp;&nbsp;&nbsp;&nbsp;&nbsp;&nbsp;&nbsp;&nbsp; &nbsp;&nbsp; Party im Festzelt mit DJ &#8211; Eintritt frei<\/p>\n\n\n\n<p><strong>Sonntag, 27. Oktober<\/strong><\/p>\n\n\n\n<p>10.00 Uhr &nbsp;&nbsp;&nbsp;&nbsp;&nbsp;&nbsp;&nbsp;&nbsp; &nbsp;&nbsp; Wei\u00dfwurstfr\u00fchst\u00fcck mit Musik<\/p>\n\n\n\n<p>11.00 Uhr &nbsp;&nbsp;&nbsp;&nbsp;&nbsp;&nbsp;&nbsp;&nbsp; &nbsp;&nbsp; Praxisseminar mit S\u00f6nke Rothenberger (Eintritt mit Tageskarte f\u00fcr die Auktion)<\/p>\n\n\n\n<p><strong>14.00 Uhr &nbsp;&nbsp;&nbsp;&nbsp;&nbsp;&nbsp;&nbsp; &nbsp;&nbsp; Auktion&nbsp;&nbsp;&nbsp;&nbsp;&nbsp;&nbsp;&nbsp;&nbsp;&nbsp;&nbsp;&nbsp;&nbsp;&nbsp;&nbsp;&nbsp;<\/strong><\/p>\n\n\n\n<p><strong>Navigationsadresse Pr\u00e4sentation und Auktion:<\/strong><\/p>\n\n\n\n<p>Haupt- und Landgest\u00fct Marbach | Gest\u00fctshof 1 | 72532 Gomadingen-Marbach<\/p>\n\n\n\n<p><strong>Kartenreservierung und Katalogbestellung<\/strong> online unter <strong><a href=\"http:\/\/www.pzvbw.de\">www.pzvbw.de<\/a><\/strong><\/p>\n\n\n\n<p><strong>Galaabend Trib\u00fcne<\/strong> Sitzplatz&nbsp;&nbsp;&nbsp;&nbsp;&nbsp;&nbsp;&nbsp;&nbsp;&nbsp; &nbsp;&nbsp;&nbsp;&nbsp;&nbsp;&nbsp;&nbsp;&nbsp;&nbsp;&nbsp;&nbsp;&nbsp;&nbsp;&nbsp;&nbsp;&nbsp;&nbsp;&nbsp;&nbsp;&nbsp;&nbsp;&nbsp;&nbsp;&nbsp;&nbsp;&nbsp;&nbsp;&nbsp;&nbsp; 20\/15 Euro<\/p>\n\n\n\n<p>&nbsp;&nbsp;&nbsp;&nbsp;&nbsp;&nbsp;&nbsp;&nbsp;&nbsp;&nbsp;&nbsp;&nbsp;&nbsp;&nbsp;&nbsp;&nbsp;&nbsp;&nbsp;&nbsp;&nbsp;&nbsp;&nbsp;&nbsp;&nbsp;&nbsp;&nbsp;&nbsp;&nbsp;&nbsp;&nbsp;&nbsp;&nbsp;&nbsp;&nbsp;&nbsp;&nbsp;&nbsp;&nbsp;&nbsp;&nbsp;&nbsp;&nbsp;&nbsp;&nbsp;&nbsp;&nbsp;&nbsp;&nbsp;&nbsp;&nbsp;&nbsp;&nbsp;&nbsp;&nbsp;&nbsp;&nbsp;&nbsp;&nbsp; ab 10 Karten &nbsp;&nbsp;&nbsp;&nbsp;&nbsp;&nbsp; 17\/12 Euro&nbsp;&nbsp;&nbsp;&nbsp;&nbsp;&nbsp;&nbsp;&nbsp;&nbsp;&nbsp;&nbsp;&nbsp;&nbsp;&nbsp;&nbsp;&nbsp;&nbsp;&nbsp;&nbsp;&nbsp;&nbsp;&nbsp;&nbsp;&nbsp;<br><strong>Auktion Trib\u00fcne <\/strong>Sitzplatz<strong>&nbsp;&nbsp;&nbsp; &nbsp;&nbsp;&nbsp;&nbsp;&nbsp;&nbsp;&nbsp;&nbsp;&nbsp;&nbsp;&nbsp; <\/strong>&nbsp;&nbsp;&nbsp;&nbsp;&nbsp;&nbsp;&nbsp;&nbsp;&nbsp;&nbsp;&nbsp;&nbsp;&nbsp;&nbsp;&nbsp;&nbsp;&nbsp;&nbsp;&nbsp;&nbsp;&nbsp;&nbsp;&nbsp;&nbsp;&nbsp;&nbsp;&nbsp;&nbsp;&nbsp; 15\/10 Euro<\/p>\n\n\n\n<p>&nbsp;&nbsp;&nbsp;&nbsp;&nbsp;&nbsp;&nbsp;&nbsp;&nbsp;&nbsp;&nbsp;&nbsp;&nbsp;&nbsp;&nbsp;&nbsp;&nbsp;&nbsp;&nbsp;&nbsp;&nbsp;&nbsp;&nbsp;&nbsp;&nbsp;&nbsp;&nbsp;&nbsp;&nbsp;&nbsp;&nbsp;&nbsp;&nbsp;&nbsp;&nbsp;&nbsp;&nbsp;&nbsp;&nbsp;&nbsp;&nbsp;&nbsp;&nbsp;&nbsp;&nbsp;&nbsp;&nbsp;&nbsp;&nbsp;&nbsp;&nbsp;&nbsp;&nbsp;&nbsp;&nbsp;&nbsp;&nbsp;&nbsp; ab 10 Karten &nbsp;&nbsp;&nbsp;&nbsp;&nbsp;&nbsp; 12\/7 Euro&nbsp;&nbsp;&nbsp;&nbsp;&nbsp;&nbsp;&nbsp;&nbsp;&nbsp;&nbsp;&nbsp;&nbsp;&nbsp;&nbsp;&nbsp;&nbsp;&nbsp;&nbsp;&nbsp;&nbsp;&nbsp;&nbsp;&nbsp;&nbsp;&nbsp;&nbsp;<\/p>\n\n\n\n<p><strong>Kombi-Ticket <\/strong>Sitzplatz<strong>&nbsp;&nbsp;&nbsp;&nbsp;&nbsp;&nbsp;&nbsp;&nbsp;&nbsp;&nbsp;&nbsp;&nbsp;&nbsp;&nbsp;&nbsp;&nbsp;&nbsp;&nbsp;&nbsp;&nbsp; <\/strong>&nbsp;&nbsp;&nbsp;&nbsp;&nbsp;&nbsp;&nbsp;&nbsp;&nbsp;&nbsp;&nbsp;&nbsp;&nbsp;&nbsp;&nbsp;&nbsp;&nbsp;&nbsp;&nbsp;&nbsp;&nbsp;&nbsp;&nbsp;&nbsp;&nbsp;&nbsp;&nbsp;&nbsp;&nbsp; 30\/20 Euro<\/p>\n\n\n\n<p>&nbsp;&nbsp;&nbsp;&nbsp;&nbsp;&nbsp;&nbsp;&nbsp;&nbsp;&nbsp;&nbsp;&nbsp;&nbsp;&nbsp;&nbsp;&nbsp;&nbsp;&nbsp;&nbsp;&nbsp;&nbsp;&nbsp;&nbsp;&nbsp;&nbsp;&nbsp;&nbsp;&nbsp;&nbsp;&nbsp;&nbsp;&nbsp;&nbsp;&nbsp;&nbsp;&nbsp;&nbsp;&nbsp;&nbsp;&nbsp;&nbsp;&nbsp;&nbsp;&nbsp;&nbsp;&nbsp;&nbsp;&nbsp;&nbsp;&nbsp;&nbsp;&nbsp;&nbsp;&nbsp;&nbsp;&nbsp;&nbsp;&nbsp; ab 10 Karten &nbsp;&nbsp;&nbsp;&nbsp;&nbsp;&nbsp; 26\/16 Euro<br><strong>Katalog<\/strong>&nbsp;&nbsp; &nbsp;&nbsp;&nbsp;&nbsp;&nbsp;&nbsp;&nbsp;&nbsp;&nbsp;&nbsp;&nbsp;&nbsp;&nbsp;&nbsp;&nbsp;&nbsp;&nbsp;&nbsp;&nbsp;&nbsp;&nbsp;&nbsp;&nbsp;&nbsp;&nbsp;&nbsp;&nbsp;&nbsp;&nbsp;&nbsp;&nbsp;&nbsp;&nbsp;&nbsp;&nbsp;&nbsp;&nbsp;&nbsp;&nbsp;&nbsp;&nbsp;&nbsp; &nbsp;&nbsp;&nbsp;&nbsp;&nbsp;&nbsp;&nbsp;&nbsp;&nbsp;&nbsp;&nbsp;&nbsp;&nbsp;&nbsp;&nbsp;&nbsp;&nbsp;&nbsp;&nbsp;&nbsp;&nbsp;&nbsp;&nbsp;&nbsp;&nbsp;&nbsp;&nbsp;&nbsp;&nbsp; 5 Euro<\/p>\n\n\n\n<p>Die Eintrittskarten haben G\u00fcltigkeit f\u00fcr Samstag den Gala-Abend und\/oder Sonntag das Praxisseminar mit S\u00f6nke Rothenberger und die Auktion. Die K\u00f6rung und das Finale Kids Cup am Samstag sind kostenlos mit freier Sitzplatzwahl.<\/p>\n","protected":false},"excerpt":{"rendered":"<p>Am 26. und 27. Oktober 2024 \u00f6ffnet der Pferdezuchtverband Baden-W\u00fcrttemberg e.V. die Tore der gro\u00dfen Marbacher Reithalle f\u00fcr die traditionelle Herbstauktion. In der 50k\u00f6pfigen Kollektion ist vom Hochkar\u00e4ter f\u00fcr Dressur und Springen, \u00fcber Komfortpferde bis hin zu Reitponys f\u00fcr Jeden etwas dabei. Die Kollektion mit allen wichtigen Informationen zu den &hellip; <a class=\"kt-excerpt-readmore\" href=\"https:\/\/www.spring-reiter.de\/en\/index.php\/2024\/10\/13\/dsp-reitpferdeauktion-sattelkoerung-2024-in-marbach\/\" aria-label=\"DSP Reitpferdeauktion &amp; Sattelk\u00f6rung 2024 in Marbach\">Read More<\/a><\/p>\n","protected":false},"author":3,"featured_media":79662,"comment_status":"closed","ping_status":"open","sticky":false,"template":"","format":"standard","meta":{"footnotes":""},"categories":[1],"tags":[],"class_list":["post-79661","post","type-post","status-publish","format-standard","has-post-thumbnail","hentry","category-allgemein"],"translation":{"provider":"WPGlobus","version":"3.0.2","language":"en","enabled_languages":["de","en"],"languages":{"de":{"title":true,"content":true,"excerpt":false},"en":{"title":false,"content":false,"excerpt":false}}},"_links":{"self":[{"href":"https:\/\/www.spring-reiter.de\/en\/index.php\/wp-json\/wp\/v2\/posts\/79661","targetHints":{"allow":["GET"]}}],"collection":[{"href":"https:\/\/www.spring-reiter.de\/en\/index.php\/wp-json\/wp\/v2\/posts"}],"about":[{"href":"https:\/\/www.spring-reiter.de\/en\/index.php\/wp-json\/wp\/v2\/types\/post"}],"author":[{"embeddable":true,"href":"https:\/\/www.spring-reiter.de\/en\/index.php\/wp-json\/wp\/v2\/users\/3"}],"replies":[{"embeddable":true,"href":"https:\/\/www.spring-reiter.de\/en\/index.php\/wp-json\/wp\/v2\/comments?post=79661"}],"version-history":[{"count":0,"href":"https:\/\/www.spring-reiter.de\/en\/index.php\/wp-json\/wp\/v2\/posts\/79661\/revisions"}],"wp:featuredmedia":[{"embeddable":true,"href":"https:\/\/www.spring-reiter.de\/en\/index.php\/wp-json\/wp\/v2\/media\/79662"}],"wp:attachment":[{"href":"https:\/\/www.spring-reiter.de\/en\/index.php\/wp-json\/wp\/v2\/media?parent=79661"}],"wp:term":[{"taxonomy":"category","embeddable":true,"href":"https:\/\/www.spring-reiter.de\/en\/index.php\/wp-json\/wp\/v2\/categories?post=79661"},{"taxonomy":"post_tag","embeddable":true,"href":"https:\/\/www.spring-reiter.de\/en\/index.php\/wp-json\/wp\/v2\/tags?post=79661"}],"curies":[{"name":"wp","href":"https:\/\/api.w.org\/{rel}","templated":true}]}}