{"id":96195,"date":"2026-03-13T08:59:08","date_gmt":"2026-03-13T07:59:08","guid":{"rendered":"https:\/\/www.spring-reiter.de\/?p=96195"},"modified":"2026-03-13T09:00:16","modified_gmt":"2026-03-13T08:00:16","slug":"christian-kukuk-zweiter-hinter-shane-sweetnam-im-116-100-springen-in-wellington","status":"publish","type":"post","link":"https:\/\/www.spring-reiter.de\/en\/index.php\/2026\/03\/13\/christian-kukuk-zweiter-hinter-shane-sweetnam-im-116-100-springen-in-wellington\/","title":{"rendered":"Christian Kukuk Zweiter hinter Shane Sweetnam im 116.100 $ Springen in Wellington"},"content":{"rendered":"\n<p>Der Ire Shane Sweetnam und Coriaan van Klapscheut Z (v. Comme il Faut) haben sich in Wellington im mit 116.100 Dollar dotierten CSI4* WEF Challenge Cup ihren zweiten internationalen Sieg in der Winter Equestrian Festival Saison gesichert. Das WEF, bei dem 12 Wochen lang internationale Wettbewerbe ausgetragen werden, l\u00e4uft noch bis zum 29. M\u00e4rz in Florida.<\/p>\n\n\n\n<p>Von den urspr\u00fcnglich 49 Pferden waren nur noch neun im Rennen, als es ins Stechen ging und Sweetnam und sein 10-j\u00e4hriger Zangersheide-Wallach zum Sieg flogen. Mit einem k\u00fchnen Sprung zum letzten Hindernis sicherten sie sich mit einer Zeit von 34,53 Sekunden den ersten Platz, knapp vor Christian Kukuk auf Viki van Gogh (v. Van Gogh).<\/p>\n\n\n\n<p>\u201eChristian Kukuk hat wahrscheinlich weniger Spr\u00fcnge gemacht, aber Coriaan war schneller\u201c, sagte Shane Sweetnam hinterher, der den Wallach seit Mitte 2024 reitet. \u201eWir sind mit einem guten Rhythmus gestartet und hatten eine gute Wendung zum Doppel. Dann habe ich allerdings den Leave-Out gemacht; der letzte Sprung war etwas fliegend. Als er sich darauf konzentrierte, wusste ich, dass alles gut gehen w\u00fcrde.\u201c<\/p>\n","protected":false},"excerpt":{"rendered":"<p>Der Ire Shane Sweetnam und Coriaan van Klapscheut Z (v. Comme il Faut) haben sich in Wellington im mit 116.100 Dollar dotierten CSI4* WEF Challenge Cup ihren zweiten internationalen Sieg in der Winter Equestrian Festival Saison gesichert. Das WEF, bei dem 12 Wochen lang internationale Wettbewerbe ausgetragen werden, l\u00e4uft noch &hellip; <a class=\"kt-excerpt-readmore\" href=\"https:\/\/www.spring-reiter.de\/en\/index.php\/2026\/03\/13\/christian-kukuk-zweiter-hinter-shane-sweetnam-im-116-100-springen-in-wellington\/\" aria-label=\"Christian Kukuk Zweiter hinter Shane Sweetnam im 116.100 $ Springen in Wellington\">Read More<\/a><\/p>\n","protected":false},"author":3,"featured_media":96197,"comment_status":"closed","ping_status":"open","sticky":false,"template":"","format":"standard","meta":{"footnotes":""},"categories":[1],"tags":[],"class_list":["post-96195","post","type-post","status-publish","format-standard","has-post-thumbnail","hentry","category-allgemein"],"translation":{"provider":"WPGlobus","version":"3.0.2","language":"en","enabled_languages":["de","en"],"languages":{"de":{"title":true,"content":true,"excerpt":false},"en":{"title":false,"content":false,"excerpt":false}}},"_links":{"self":[{"href":"https:\/\/www.spring-reiter.de\/en\/index.php\/wp-json\/wp\/v2\/posts\/96195","targetHints":{"allow":["GET"]}}],"collection":[{"href":"https:\/\/www.spring-reiter.de\/en\/index.php\/wp-json\/wp\/v2\/posts"}],"about":[{"href":"https:\/\/www.spring-reiter.de\/en\/index.php\/wp-json\/wp\/v2\/types\/post"}],"author":[{"embeddable":true,"href":"https:\/\/www.spring-reiter.de\/en\/index.php\/wp-json\/wp\/v2\/users\/3"}],"replies":[{"embeddable":true,"href":"https:\/\/www.spring-reiter.de\/en\/index.php\/wp-json\/wp\/v2\/comments?post=96195"}],"version-history":[{"count":1,"href":"https:\/\/www.spring-reiter.de\/en\/index.php\/wp-json\/wp\/v2\/posts\/96195\/revisions"}],"predecessor-version":[{"id":96198,"href":"https:\/\/www.spring-reiter.de\/en\/index.php\/wp-json\/wp\/v2\/posts\/96195\/revisions\/96198"}],"wp:featuredmedia":[{"embeddable":true,"href":"https:\/\/www.spring-reiter.de\/en\/index.php\/wp-json\/wp\/v2\/media\/96197"}],"wp:attachment":[{"href":"https:\/\/www.spring-reiter.de\/en\/index.php\/wp-json\/wp\/v2\/media?parent=96195"}],"wp:term":[{"taxonomy":"category","embeddable":true,"href":"https:\/\/www.spring-reiter.de\/en\/index.php\/wp-json\/wp\/v2\/categories?post=96195"},{"taxonomy":"post_tag","embeddable":true,"href":"https:\/\/www.spring-reiter.de\/en\/index.php\/wp-json\/wp\/v2\/tags?post=96195"}],"curies":[{"name":"wp","href":"https:\/\/api.w.org\/{rel}","templated":true}]}}