{"id":97719,"date":"2026-05-01T10:50:08","date_gmt":"2026-05-01T08:50:08","guid":{"rendered":"https:\/\/www.spring-reiter.de\/?p=97719"},"modified":"2026-05-01T10:50:13","modified_gmt":"2026-05-01T08:50:13","slug":"dkb-pferdewoche-hohen-wieschendorf-spitzensport-und-volksfest","status":"publish","type":"post","link":"https:\/\/www.spring-reiter.de\/en\/index.php\/2026\/05\/01\/dkb-pferdewoche-hohen-wieschendorf-spitzensport-und-volksfest\/","title":{"rendered":"DKB Pferdewoche Hohen Wieschendorf: Spitzensport und Volksfest"},"content":{"rendered":"\n<p>Ein Riesenrad mit 35 Metern H\u00f6he: Zu der einen Seite verw\u00f6hnt ein sagenhafter Blick \u00fcber die Ostsee, zur anderen liegen einem die internationale Welt der Springsportler und ein wunderbares Hof- und Weinfest zu F\u00fc\u00dfen. Das gibt es nur bei der DKB Pferdewoche Hohen Wieschendorf \u2013 zum vierten Mal in diesem Jahr vom 27. bis 31. Mai.<br><br>Hausherr und Gastgeber Enno Glantz sprach im vergangenen Jahr von \u201eeiner granatentollen Stimmung, wie ein kleiner Erdbeer-Schnaps\u201c, Sara B\u00fctow (Marketing der DKB-Gruppe\/Reitsport) von einem \u201eTraum der Bedingungen\u201c und der Sieger im Gro\u00dfen Preis der Deutschen Kreditbank AG, der kein anderer war als Olympiasieger Christian Kukuk, war beeindruckt: \u201eWir haben einen sehr anspruchsvollen Parcours in diesem Gro\u00dfen Preis gehabt und das Stechen war absolut spannend. Der Parcoursbauer hat alles richtig gemacht.\u201c<br><br>Genau da, wo die DKB Pferdewoche Hohen Wieschendorf im vergangenen Jahr aufgeh\u00f6rt hat, wird 2026 die vierte Auflage auf dem Erdbeerhof Glantz wieder ansetzen: Mit 18 internationalen Springpr\u00fcfungen \u2013 von den Youngster- und Amateur-Touren bis hin zu den Zwei-Sterne- und Vier-Sterne-Pr\u00fcfungen.<\/p>\n\n\n\n<p>Am Dienstag reisen bereits die ersten Pferde und Reiter an, damit sich die Pferde am Mittwoch in Ruhe einleben, die Seeluft genie\u00dfen und locker trainiert werden k\u00f6nnen. Erwartet werden Springsportler aus rund 20 Nationen. Mittwochabend gehen die sieben- und achtj\u00e4hrigen Youngster bereits in ihrer ersten Pr\u00fcfung an den Start. Am Donnerstagvormittag greifen die internationalen Reiter der Zwei- und Vier-Sterne-Tour ins Geschehen ein, am Freitag steht das erste Springen mit Hindernissen bis zu 1,50 Metern H\u00f6he an und am Samstag lockt mit dem Championat bereits die erste ganz besondere Herausforderung.<br><br>Das gro\u00dfe Highlight des Wochenendes f\u00fcr die internationalen Springsportler wartet am Sonntagnachmittag mit dem Gro\u00dfen Preis der Deutschen Kreditbank AG. Hier stehen Hindernisse bis zu 1,60-Meter H\u00f6he im Parcours, das sind olympische Anforderungen.<\/p>\n\n\n\n<p><strong>Turnier, Event, Familienfest<\/strong><br>Topsport ist der eine Teil dieser f\u00fcnf Ausnahme-Pferdesporttage im Mecklenburg-Vorpommern. Aber f\u00fcr Gastgeber Glantz ist auch der andere Teil sehr wichtig: \u201eIch bin sicher, dass unser Sport nur mit Zuschauern funktioniert und begeistert.\u201c Deshalb ist die DKB Pferdewoche Hohen Wieschendorf nicht \u201anur\u2018 ein Turnier, sie ist zugleich Event und Familienfest.<br><br>Am Freitagabend feiert die Glantz und Gloria Fohlen-Auktion ihre dritte Ausgabe im Rahmen der DKB Pferdewoche. Dann darf um ausgesuchte Zukunftshoffnungen mit erlesener Genetik geboten werden. Bei 46.000 Euro schlug im vergangenen Jahr der Hammer f\u00fcr das Hengstfohlen Enevald v. Emerald van\u2019t Ruytershof zu. Das war der H\u00f6chstpreis im Lot der 18 Fohlen. Vor der Auktion sorgt eine Sambatruppe f\u00fcr hei\u00dfe Rhythmen und ausgelassene Stimmung.<br><br>Am Samstagabend ist Pferdetrainerin Lisa R\u00f6ckener mit ihrer wunderbaren Pferdeshow zu Gast, bevor es im traditionellen Springen der Erdbeer- und Spargelbauern wie gewohnt hei\u00df hergeht.<\/p>\n\n\n\n<p>Von Donnerstag bis Sonntag l\u00e4dt das Weinfest zum kulinarischen Schlemmen. Winzer aus Rheinhessen, Baden-W\u00fcrttemberg und der Pfalz bieten ihre feinen Tropfen an, Livemusik sorgt f\u00fcr Stimmung und Geselligkeit und zum Flanieren und Shoppen ist die angeschlossene Ausstellung zum Thema Pferdesport ideal.<br><br>Ab Freitagnachmittag \u00f6ffnet auch das Glantz Hoffest seine T\u00fcren \u2013 mit 20 St\u00e4nden k\u00f6stlicher Leckereien von Flammlachs \u00fcber asiatische Spezialit\u00e4ten bis zum Crepes und nat\u00fcrlich mit jeder Menge Feinschmeckereien rund um Erdbeeren.<br><br>Der originelle Kunsthandwerkermarkt pr\u00e4sentiert individuelle Rarit\u00e4ten und f\u00fcr die etwas j\u00fcngeren G\u00e4ste sprudelt das Angebot von Mitmachzirkus und Ponyreiten \u00fcber Bungeetrampolin, Wasserwalzen, Boxautomat, Barfu\u00dfpfad und Bolzboxen bis hin zum Fu\u00dfballcourt. Und wer sich f\u00fcr gro\u00dfe Maschinen interessiert, der ist bei der Landmaschinenausstellung genau richtig.<br><br>\u201eDas Turnier in Hohen Wieschendorf ist Reitkunst vom Feinsten und gleichzeitig ein gro\u00dfes Volksfest und das ist das, was mir gef\u00e4llt\u201c, so formulierte es die Ministerpr\u00e4sidentin des Landes Mecklenburg-Vorpommern, Manuela Schwesig, die im vergangenen Jahr bei der DKB Pferdewoche zu Gast war. Und damit traf sie den viel zitierten Nagel genau auf den Kopf. \u201eDieses Reitturnier hat eine gro\u00dfe Strahlkraft ins Land und weit dar\u00fcber hinaus.\u201c<br>\u00a0<br>Jetzt einplanen: Die vierte Auflage der DKB Pferdewoche Hohen Wieschendorf vom 27. bis 31. Mai auf dem Erdbeerhof Glantz \u2013 mit gro\u00dfem Hof- und Weinfest\u00a0und 35-Meter-RundumBlick-Garantie.<br>\u00a0<br>Ticketinfos direkt bei: <a href=\"https:\/\/amxe.net\/k68140uf-scj7s26d-4fyqzdba-1aq4\">Tickets<\/a><\/p>\n","protected":false},"excerpt":{"rendered":"<p>Ein Riesenrad mit 35 Metern H\u00f6he: Zu der einen Seite verw\u00f6hnt ein sagenhafter Blick \u00fcber die Ostsee, zur anderen liegen einem die internationale Welt der Springsportler und ein wunderbares Hof- und Weinfest zu F\u00fc\u00dfen. Das gibt es nur bei der DKB Pferdewoche Hohen Wieschendorf \u2013 zum vierten Mal in diesem &hellip; <a class=\"kt-excerpt-readmore\" href=\"https:\/\/www.spring-reiter.de\/en\/index.php\/2026\/05\/01\/dkb-pferdewoche-hohen-wieschendorf-spitzensport-und-volksfest\/\" aria-label=\"DKB Pferdewoche Hohen Wieschendorf: Spitzensport und Volksfest\">Read More<\/a><\/p>\n","protected":false},"author":3,"featured_media":97720,"comment_status":"closed","ping_status":"open","sticky":false,"template":"","format":"standard","meta":{"footnotes":""},"categories":[1],"tags":[],"class_list":["post-97719","post","type-post","status-publish","format-standard","has-post-thumbnail","hentry","category-allgemein"],"translation":{"provider":"WPGlobus","version":"3.0.2","language":"en","enabled_languages":["de","en"],"languages":{"de":{"title":true,"content":true,"excerpt":false},"en":{"title":false,"content":false,"excerpt":false}}},"_links":{"self":[{"href":"https:\/\/www.spring-reiter.de\/en\/index.php\/wp-json\/wp\/v2\/posts\/97719","targetHints":{"allow":["GET"]}}],"collection":[{"href":"https:\/\/www.spring-reiter.de\/en\/index.php\/wp-json\/wp\/v2\/posts"}],"about":[{"href":"https:\/\/www.spring-reiter.de\/en\/index.php\/wp-json\/wp\/v2\/types\/post"}],"author":[{"embeddable":true,"href":"https:\/\/www.spring-reiter.de\/en\/index.php\/wp-json\/wp\/v2\/users\/3"}],"replies":[{"embeddable":true,"href":"https:\/\/www.spring-reiter.de\/en\/index.php\/wp-json\/wp\/v2\/comments?post=97719"}],"version-history":[{"count":1,"href":"https:\/\/www.spring-reiter.de\/en\/index.php\/wp-json\/wp\/v2\/posts\/97719\/revisions"}],"predecessor-version":[{"id":97721,"href":"https:\/\/www.spring-reiter.de\/en\/index.php\/wp-json\/wp\/v2\/posts\/97719\/revisions\/97721"}],"wp:featuredmedia":[{"embeddable":true,"href":"https:\/\/www.spring-reiter.de\/en\/index.php\/wp-json\/wp\/v2\/media\/97720"}],"wp:attachment":[{"href":"https:\/\/www.spring-reiter.de\/en\/index.php\/wp-json\/wp\/v2\/media?parent=97719"}],"wp:term":[{"taxonomy":"category","embeddable":true,"href":"https:\/\/www.spring-reiter.de\/en\/index.php\/wp-json\/wp\/v2\/categories?post=97719"},{"taxonomy":"post_tag","embeddable":true,"href":"https:\/\/www.spring-reiter.de\/en\/index.php\/wp-json\/wp\/v2\/tags?post=97719"}],"curies":[{"name":"wp","href":"https:\/\/api.w.org\/{rel}","templated":true}]}}