{"id":101937,"date":"2026-09-04T15:42:01","date_gmt":"2026-09-04T13:42:01","guid":{"rendered":"https:\/\/www.spring-reiter.de\/?p=101937"},"modified":"2026-09-04T15:44:51","modified_gmt":"2026-09-04T13:44:51","slug":"starker-auftakt-fuer-philipp-weishaupt-in-valkenswaard","status":"publish","type":"post","link":"https:\/\/www.spring-reiter.de\/index.php\/2026\/09\/04\/starker-auftakt-fuer-philipp-weishaupt-in-valkenswaard\/","title":{"rendered":"Starker Auftakt f\u00fcr Philipp Weishaupt in Valkenswaard"},"content":{"rendered":"\n<p class=\"wp-block-paragraph\">\u00dcber drei Sekunden machten den Unterschied: F\u00fcr Philipp Weishaupt und seinen erst neunj\u00e4hrigen Congress-Sohn Callao L hat das Wochenende schon mal optimal begonnen. In der Einzelwertung der Global Champions League in Valkenswaard \u00fcber 1,60m setzten sich der Vize-Europameister von 2023 und der Schimmel aus der Zucht von Kai Ligges mit einer fehlerfreien Runde und \u00fcber drei Sekunden Vorsprung souver\u00e4n von der Konkurrenz ab. Wie gut das Paar harmoniert, war auch schon bei ihrem CSI5*-Sieg in Hamburg zu sehen. Ein Sieg in in Lichtenvoorde sowie super Platzierungen in Hickstead und Valkenswaard in diesem Sommer stehen ebenfalls schon in der Erfolgs-Bilanz. <\/p>\n\n\n\n<p class=\"wp-block-paragraph\">Platz zwei sicherte sich der Ire Marc McAuley im Sattel von L&#8217;arc en Ciel Z (v. L&#8217;arc de Triomphe). Platz drei, und damit eine weitere Top-Platzierung, ging an Arne van Heel mit dem Holsteiner Hengst Keaton HV (v. Kannan). <\/p>\n\n\n\n<p class=\"wp-block-paragraph\">Ebenfalls im Geld waren Sandra Auffahrt und Comcador Old (v. Comme il Faut) auf Rang neun und Daniel Deusser mit Bingo Ste Hermelle (v, Number One d&#8217;Iso) auf Platz 13. <\/p>\n\n\n\n<p class=\"wp-block-paragraph\">Das ganze Ergebnis: <strong><a href=\"https:\/\/www.longinestiming.com\/equestrian\/2026\/longines-global-champions-tour-of-valkenswaard-valkenswaard\/resultlist_01.html\">HIER <\/a><\/strong><\/p>\n\n\n\n<p class=\"wp-block-paragraph\"><\/p>\n","protected":false},"excerpt":{"rendered":"<p>\u00dcber drei Sekunden machten den Unterschied: F\u00fcr Philipp Weishaupt und seinen erst neunj\u00e4hrigen Congress-Sohn Callao L hat das Wochenende schon mal optimal begonnen. In der Einzelwertung der Global Champions League in Valkenswaard \u00fcber 1,60m setzten sich der Vize-Europameister von 2023 und der Schimmel aus der Zucht von Kai Ligges mit &hellip; <a class=\"kt-excerpt-readmore\" href=\"https:\/\/www.spring-reiter.de\/index.php\/2026\/09\/04\/starker-auftakt-fuer-philipp-weishaupt-in-valkenswaard\/\" aria-label=\"Starker Auftakt f\u00fcr Philipp Weishaupt in Valkenswaard\">Weiterlesen<\/a><\/p>\n","protected":false},"author":2,"featured_media":101940,"comment_status":"closed","ping_status":"open","sticky":false,"template":"","format":"standard","meta":{"footnotes":""},"categories":[1],"tags":[],"class_list":["post-101937","post","type-post","status-publish","format-standard","has-post-thumbnail","hentry","category-allgemein"],"translation":{"provider":"WPGlobus","version":"3.0.2","language":"de","enabled_languages":["de","en"],"languages":{"de":{"title":true,"content":true,"excerpt":false},"en":{"title":false,"content":false,"excerpt":false}}},"_links":{"self":[{"href":"https:\/\/www.spring-reiter.de\/index.php\/wp-json\/wp\/v2\/posts\/101937","targetHints":{"allow":["GET"]}}],"collection":[{"href":"https:\/\/www.spring-reiter.de\/index.php\/wp-json\/wp\/v2\/posts"}],"about":[{"href":"https:\/\/www.spring-reiter.de\/index.php\/wp-json\/wp\/v2\/types\/post"}],"author":[{"embeddable":true,"href":"https:\/\/www.spring-reiter.de\/index.php\/wp-json\/wp\/v2\/users\/2"}],"replies":[{"embeddable":true,"href":"https:\/\/www.spring-reiter.de\/index.php\/wp-json\/wp\/v2\/comments?post=101937"}],"version-history":[{"count":2,"href":"https:\/\/www.spring-reiter.de\/index.php\/wp-json\/wp\/v2\/posts\/101937\/revisions"}],"predecessor-version":[{"id":101939,"href":"https:\/\/www.spring-reiter.de\/index.php\/wp-json\/wp\/v2\/posts\/101937\/revisions\/101939"}],"wp:featuredmedia":[{"embeddable":true,"href":"https:\/\/www.spring-reiter.de\/index.php\/wp-json\/wp\/v2\/media\/101940"}],"wp:attachment":[{"href":"https:\/\/www.spring-reiter.de\/index.php\/wp-json\/wp\/v2\/media?parent=101937"}],"wp:term":[{"taxonomy":"category","embeddable":true,"href":"https:\/\/www.spring-reiter.de\/index.php\/wp-json\/wp\/v2\/categories?post=101937"},{"taxonomy":"post_tag","embeddable":true,"href":"https:\/\/www.spring-reiter.de\/index.php\/wp-json\/wp\/v2\/tags?post=101937"}],"curies":[{"name":"wp","href":"https:\/\/api.w.org\/{rel}","templated":true}]}}