{"id":48546,"date":"2022-01-11T13:22:22","date_gmt":"2022-01-11T12:22:22","guid":{"rendered":"https:\/\/www.spring-reiter.de\/?p=48546"},"modified":"2022-01-11T13:22:25","modified_gmt":"2022-01-11T12:22:25","slug":"online-infos-statt-delegierten-versammlung-bei-hannoveranern","status":"publish","type":"post","link":"https:\/\/www.spring-reiter.de\/index.php\/2022\/01\/11\/online-infos-statt-delegierten-versammlung-bei-hannoveranern\/","title":{"rendered":"Online-Infos statt Delegierten-Versammlung bei Hannoveranern"},"content":{"rendered":"\n<p>Der Aufsichtsrat und das Pr\u00e4sidium des Hannoveraner Verbandes haben nach gr\u00fcndlicher Abw\u00e4gung entschieden, die f\u00fcr den 26. Januar 2022 geplante Delegiertenversammlung noch einmal zu verschieben: &#8222;Zwar w\u00e4re eine Durchf\u00fchrung der Versammlung auch mit Blick auf die aktuelle Verordnungslage grunds\u00e4tzlich machbar. Allerdings sehen wir uns auch in der Verantwortung gegen\u00fcber den Delegierten und Mitarbeitern, die wir keinem unkalkulierbarem Risiko aussetzen m\u00f6chten. Zudem w\u00fcrde eine Durchf\u00fchrung der Delegiertenversammlung gerade im Hinblick auf die weiter steigenden Inzidenzzahlen im Landkreis Verden ein aktuell wenig nachvollziehbares Signal nach au\u00dfen senden. Aus diesen Gr\u00fcnden m\u00f6chten wir Sie noch einmal um Ihr Verst\u00e4ndnis bitten, und sagen die Delegiertenversammlung am 26.01.2022 hiermit ab.<\/p>\n\n\n\n<p>Der Hannoveraner Verband hat in den letzten Monaten seine T\u00e4tigkeit fortgef\u00fchrt, so dass wir mit vielen Informationen aufwarten k\u00f6nnen. Daher m\u00f6chten wir Sie zu einer Online-Informationsveranstaltung einladen, die am Mittwoch, den 26.01.2022, um 15:00 Uhr \u00fcber unsere Homepage <a href=\"http:\/\/www.hannoveraner.com\">www.hannoveraner.com<\/a> im Live-Stream verf\u00fcgbar sein wird. Vorab werden Sie bereits die Jahresberichte des Gesch\u00e4ftsf\u00fchrers sowie des Zuchtleiters als Video auf unserer Homepage abrufen k\u00f6nnen (voraussichtlich ab Ende n\u00e4chster Woche). Au\u00dferdem k\u00f6nnen auch w\u00e4hrend der Veranstaltung Fragen gestellt werden via WhatsApp +49 (0) 15 11\/41 66 86 5 oder Festnetzanruf +49 (0) 4231 673 740.&#8220;<\/p>\n","protected":false},"excerpt":{"rendered":"<p>Der Aufsichtsrat und das Pr\u00e4sidium des Hannoveraner Verbandes haben nach gr\u00fcndlicher Abw\u00e4gung entschieden, die f\u00fcr den 26. Januar 2022 geplante Delegiertenversammlung noch einmal zu verschieben: &#8222;Zwar w\u00e4re eine Durchf\u00fchrung der Versammlung auch mit Blick auf die aktuelle Verordnungslage grunds\u00e4tzlich machbar. Allerdings sehen wir uns auch in der Verantwortung gegen\u00fcber den &hellip; <a class=\"kt-excerpt-readmore\" href=\"https:\/\/www.spring-reiter.de\/index.php\/2022\/01\/11\/online-infos-statt-delegierten-versammlung-bei-hannoveranern\/\" aria-label=\"Online-Infos statt Delegierten-Versammlung bei Hannoveranern\">Weiterlesen<\/a><\/p>\n","protected":false},"author":3,"featured_media":23914,"comment_status":"closed","ping_status":"open","sticky":false,"template":"","format":"standard","meta":{"footnotes":""},"categories":[1],"tags":[],"class_list":["post-48546","post","type-post","status-publish","format-standard","has-post-thumbnail","hentry","category-allgemein"],"translation":{"provider":"WPGlobus","version":"3.0.2","language":"de","enabled_languages":["de","en"],"languages":{"de":{"title":true,"content":true,"excerpt":false},"en":{"title":false,"content":false,"excerpt":false}}},"_links":{"self":[{"href":"https:\/\/www.spring-reiter.de\/index.php\/wp-json\/wp\/v2\/posts\/48546","targetHints":{"allow":["GET"]}}],"collection":[{"href":"https:\/\/www.spring-reiter.de\/index.php\/wp-json\/wp\/v2\/posts"}],"about":[{"href":"https:\/\/www.spring-reiter.de\/index.php\/wp-json\/wp\/v2\/types\/post"}],"author":[{"embeddable":true,"href":"https:\/\/www.spring-reiter.de\/index.php\/wp-json\/wp\/v2\/users\/3"}],"replies":[{"embeddable":true,"href":"https:\/\/www.spring-reiter.de\/index.php\/wp-json\/wp\/v2\/comments?post=48546"}],"version-history":[{"count":0,"href":"https:\/\/www.spring-reiter.de\/index.php\/wp-json\/wp\/v2\/posts\/48546\/revisions"}],"wp:featuredmedia":[{"embeddable":true,"href":"https:\/\/www.spring-reiter.de\/index.php\/wp-json\/wp\/v2\/media\/23914"}],"wp:attachment":[{"href":"https:\/\/www.spring-reiter.de\/index.php\/wp-json\/wp\/v2\/media?parent=48546"}],"wp:term":[{"taxonomy":"category","embeddable":true,"href":"https:\/\/www.spring-reiter.de\/index.php\/wp-json\/wp\/v2\/categories?post=48546"},{"taxonomy":"post_tag","embeddable":true,"href":"https:\/\/www.spring-reiter.de\/index.php\/wp-json\/wp\/v2\/tags?post=48546"}],"curies":[{"name":"wp","href":"https:\/\/api.w.org\/{rel}","templated":true}]}}