{"id":49155,"date":"2022-02-05T20:11:51","date_gmt":"2022-02-05T19:11:51","guid":{"rendered":"https:\/\/www.spring-reiter.de\/?p=49155"},"modified":"2022-02-05T20:11:56","modified_gmt":"2022-02-05T19:11:56","slug":"ahlmann-dominiert-samstags-hauptspringen-in-opglabbeek","status":"publish","type":"post","link":"https:\/\/www.spring-reiter.de\/index.php\/2022\/02\/05\/ahlmann-dominiert-samstags-hauptspringen-in-opglabbeek\/","title":{"rendered":"Ahlmann dominiert Samstags-Hauptspringen in Opglabbeek"},"content":{"rendered":"\n<p>Der Samstag war Ahlmann-Tag in Opglabbeek. Im Hauptspringen des Tages, einem CSI2* Zwei-Phasen-Springen \u00fcber 1,45 m, waren zwei Pferde pro Reiter erlaubt \u2013 und am Ende war Christian Ahlmann mit zwei Pferden vorne dabei: Erster mit Nachito V\/D Ketse (v. Quality Time) und F\u00fcnfter mit d\u2019Aganix 2000 Z (v. Dominator 2000 Z).<\/p>\n\n\n\n<p>Mit dem Achtj\u00e4hrigen war Ahlmann als 17. in den Parcours gekommen \u2013 w\u00e4hrend seine Lebensgef\u00e4hrtin Judy Ann Melchior auf Cooper I Z (v. Chellano Z) hinausritt. Sie hatte in der ersten Phase einen Netzroller hinnehmen m\u00fcssen. Der Mann machte es besser: Null in beiden Phasen und schnell \u2013 so schnell, dass er lange in F\u00fchrung blieb. Josch L\u00f6hden kam mit Balena (v. Balou du Rouet) relativ dicht heran \u2013 und wurde am Ende Siebter.<\/p>\n\n\n\n<p>Aber in der zweiten H\u00e4lfte des Starterfeldes gab es dann zwei, die schneller fehlerfrei waren. Vor\u00fcbergehend \u00fcbernahm Pius Schwizer mit Casallino (v. Casall) die F\u00fchrung vor Omer Karaevli auf Livingstone van het Peggershof (v. Ogano Sitte). Aber es gab ja noch die zweite Chance f\u00fcr das Haus Ahlmann\/Melchior.<\/p>\n\n\n\n<p>Diesmal war es Luke Lemon (v. Lord Pezi Junior),mit dem Judy Ann Melchior einritt, und wieder fiel in der ersten Phase eine Stange. Nach der nahtlosen Staffel\u00fcbergabe griff Christian Ahlmann an und nahm dem bis dahin f\u00fchrenden Pius Schwizer genau eine Zehzntelsekunde ab. Das war der Sieg.<\/p>\n\n\n\n<p>Zweimal Ahlmann, einmal L\u00f6hden, aber noch ein Deutscher sprang ins Geld mit zwei fehlerfreien Phasen: Andreas Theurer mit seinem (und seines Vaters) Coulthard (v. Colman). Platz 13 wurde es.<\/p>\n\n\n\n<p>Das komplette Ergebnis <a href=\"https:\/\/online.equipe.com\/de\/class_sections\/648866\" target=\"_blank\" rel=\"noreferrer noopener\">hier<\/a><\/p>\n","protected":false},"excerpt":{"rendered":"<p>Der Samstag war Ahlmann-Tag in Opglabbeek. Im Hauptspringen des Tages, einem CSI2* Zwei-Phasen-Springen \u00fcber 1,45 m, waren zwei Pferde pro Reiter erlaubt \u2013 und am Ende war Christian Ahlmann mit zwei Pferden vorne dabei: Erster mit Nachito V\/D Ketse (v. Quality Time) und F\u00fcnfter mit d\u2019Aganix 2000 Z (v. Dominator &hellip; <a class=\"kt-excerpt-readmore\" href=\"https:\/\/www.spring-reiter.de\/index.php\/2022\/02\/05\/ahlmann-dominiert-samstags-hauptspringen-in-opglabbeek\/\" aria-label=\"Ahlmann dominiert Samstags-Hauptspringen in Opglabbeek\">Weiterlesen<\/a><\/p>\n","protected":false},"author":3,"featured_media":49160,"comment_status":"closed","ping_status":"open","sticky":false,"template":"","format":"standard","meta":{"footnotes":""},"categories":[1],"tags":[],"class_list":["post-49155","post","type-post","status-publish","format-standard","has-post-thumbnail","hentry","category-allgemein"],"translation":{"provider":"WPGlobus","version":"3.0.2","language":"de","enabled_languages":["de","en"],"languages":{"de":{"title":true,"content":true,"excerpt":false},"en":{"title":false,"content":false,"excerpt":false}}},"_links":{"self":[{"href":"https:\/\/www.spring-reiter.de\/index.php\/wp-json\/wp\/v2\/posts\/49155","targetHints":{"allow":["GET"]}}],"collection":[{"href":"https:\/\/www.spring-reiter.de\/index.php\/wp-json\/wp\/v2\/posts"}],"about":[{"href":"https:\/\/www.spring-reiter.de\/index.php\/wp-json\/wp\/v2\/types\/post"}],"author":[{"embeddable":true,"href":"https:\/\/www.spring-reiter.de\/index.php\/wp-json\/wp\/v2\/users\/3"}],"replies":[{"embeddable":true,"href":"https:\/\/www.spring-reiter.de\/index.php\/wp-json\/wp\/v2\/comments?post=49155"}],"version-history":[{"count":0,"href":"https:\/\/www.spring-reiter.de\/index.php\/wp-json\/wp\/v2\/posts\/49155\/revisions"}],"wp:featuredmedia":[{"embeddable":true,"href":"https:\/\/www.spring-reiter.de\/index.php\/wp-json\/wp\/v2\/media\/49160"}],"wp:attachment":[{"href":"https:\/\/www.spring-reiter.de\/index.php\/wp-json\/wp\/v2\/media?parent=49155"}],"wp:term":[{"taxonomy":"category","embeddable":true,"href":"https:\/\/www.spring-reiter.de\/index.php\/wp-json\/wp\/v2\/categories?post=49155"},{"taxonomy":"post_tag","embeddable":true,"href":"https:\/\/www.spring-reiter.de\/index.php\/wp-json\/wp\/v2\/tags?post=49155"}],"curies":[{"name":"wp","href":"https:\/\/api.w.org\/{rel}","templated":true}]}}