{"id":49211,"date":"2022-02-07T23:25:12","date_gmt":"2022-02-07T22:25:12","guid":{"rendered":"https:\/\/www.spring-reiter.de\/?p=49211"},"modified":"2022-02-07T23:33:52","modified_gmt":"2022-02-07T22:33:52","slug":"richard-vogels-darius-wird-professor-fuer-eine-15-jaehrige","status":"publish","type":"post","link":"https:\/\/www.spring-reiter.de\/index.php\/2022\/02\/07\/richard-vogels-darius-wird-professor-fuer-eine-15-jaehrige\/","title":{"rendered":"Richard Vogels Darius wird &#8222;Professor&#8220; f\u00fcr eine 15-J\u00e4hrige!"},"content":{"rendered":"\n<p>Sie waren ein gutes und erfolgreiches Team: Richard Vogel und der elfj\u00e4hrige Wallach Darius de Kezeg Z (v. Darco) gewannen gleich zum Auftakt bei ihrer Premiere in Wellington im Januar ein Samstags-Hauptspringen \u00fcber 1,50m. Sie sammelten Schleifen in Mexiko und gewannen beim Turnier auf Hof Waterkant in Hamburg. Nun trennt sich das Dream-Team. Der Fuchs wird k\u00fcnftig Lehrmeister f\u00fcr eine 15j\u00e4hrige Springreiterin sein, die sich beim Turnier in Wellington ihn verliebt hat. <\/p>\n\n\n\n<p>Kevin Murphy, dem zusammen mit seiner Partnerin Andrea Sigrist Murphy, Darius und viele andere Pferde von Richard Vogel geh\u00f6ren, erz\u00e4hlt spring-reiter.de die ganze Geschichte: &#8222;Wir haben Darius 4j\u00e4hrig entdeckt, wir mussten sogar noch ein weiteres Pferd mit ihm mit kaufen da wir ihn ansonsten nicht bekommen h\u00e4tten, aber wir waren damals schon so \u00fcberzeugt von ihm, dass wir auch dies in Kauf nahmen. Von seinem ersten Turnier an hat er schon alles unglaublich abgekl\u00e4rt und wie selbstverst\u00e4ndlich absolviert, sodass er sehr schnell den Spitznamen \u201eProfessor\u201c bekam.<\/p>\n\n\n\n<p>Er hat uns und seinen Reitern jahrelang sehr grosse Freude bereitet und es war eigentlich auch \u00fcberhaupt nicht angedacht ihn zu verkaufen, allerdings hat sich hier in Wellington ein 15j\u00e4hriges M\u00e4dchen sowie der Rest ihrer Familie total in Darius verliebt und uns mehrere Angebote gemacht. Was jedoch auch nicht das erste mal war, das jemand unsern \u201ekleinen Dicken\u201c wie er auch liebevoll genannt wurde, kaufen wollte.<\/p>\n\n\n\n<p>Mit Richi habe wir einen jungen und aufstrebenden talentierten Reiter an unser Seite und wir wollen mit ihm den Schritt in die 5* Liga gehen. Darius hat schon mehrfach bewiesen dass er dies kann, jedoch rechnen wir das Richi hoch an, dass er trotz seines Ehrgeizes sehr realistisch ist und mit uns zusammen entschieden hat, dass Darius ein Pferd ist was das nachweislich kann, jedoch nicht jede Woche, da er langfristig dabei den Spass dabei verlieren w\u00fcrde.<\/p>\n\n\n\n<p>Somit ist es nat\u00fcrlich ein Traumjob f\u00fcr ihn der \u201eProfessor\u201c eines 15j\u00e4hrigen M\u00e4dchens zu sein und sie langsam in schwerere Klassen heranf\u00fchren wird.&nbsp;Wir sind sehr gl\u00fccklich so ein gutes zu Hause f\u00fcr ihn gefunden zuhaben und machen uns jetzt auf die Suche nach einem Pferd, was wieder so gut in unser Team von sehr talentierten Pferden, wie Darius passt.&#8220;<\/p>\n","protected":false},"excerpt":{"rendered":"<p>Sie waren ein gutes und erfolgreiches Team: Richard Vogel und der elfj\u00e4hrige Wallach Darius de Kezeg Z (v. Darco) gewannen gleich zum Auftakt bei ihrer Premiere in Wellington im Januar ein Samstags-Hauptspringen \u00fcber 1,50m. Sie sammelten Schleifen in Mexiko und gewannen beim Turnier auf Hof Waterkant in Hamburg. Nun trennt &hellip; <a class=\"kt-excerpt-readmore\" href=\"https:\/\/www.spring-reiter.de\/index.php\/2022\/02\/07\/richard-vogels-darius-wird-professor-fuer-eine-15-jaehrige\/\" aria-label=\"Richard Vogels Darius wird &#8222;Professor&#8220; f\u00fcr eine 15-J\u00e4hrige!\">Weiterlesen<\/a><\/p>\n","protected":false},"author":2,"featured_media":49218,"comment_status":"closed","ping_status":"open","sticky":false,"template":"","format":"standard","meta":{"footnotes":""},"categories":[1],"tags":[],"class_list":["post-49211","post","type-post","status-publish","format-standard","has-post-thumbnail","hentry","category-allgemein"],"translation":{"provider":"WPGlobus","version":"3.0.2","language":"de","enabled_languages":["de","en"],"languages":{"de":{"title":true,"content":true,"excerpt":false},"en":{"title":false,"content":false,"excerpt":false}}},"_links":{"self":[{"href":"https:\/\/www.spring-reiter.de\/index.php\/wp-json\/wp\/v2\/posts\/49211","targetHints":{"allow":["GET"]}}],"collection":[{"href":"https:\/\/www.spring-reiter.de\/index.php\/wp-json\/wp\/v2\/posts"}],"about":[{"href":"https:\/\/www.spring-reiter.de\/index.php\/wp-json\/wp\/v2\/types\/post"}],"author":[{"embeddable":true,"href":"https:\/\/www.spring-reiter.de\/index.php\/wp-json\/wp\/v2\/users\/2"}],"replies":[{"embeddable":true,"href":"https:\/\/www.spring-reiter.de\/index.php\/wp-json\/wp\/v2\/comments?post=49211"}],"version-history":[{"count":0,"href":"https:\/\/www.spring-reiter.de\/index.php\/wp-json\/wp\/v2\/posts\/49211\/revisions"}],"wp:featuredmedia":[{"embeddable":true,"href":"https:\/\/www.spring-reiter.de\/index.php\/wp-json\/wp\/v2\/media\/49218"}],"wp:attachment":[{"href":"https:\/\/www.spring-reiter.de\/index.php\/wp-json\/wp\/v2\/media?parent=49211"}],"wp:term":[{"taxonomy":"category","embeddable":true,"href":"https:\/\/www.spring-reiter.de\/index.php\/wp-json\/wp\/v2\/categories?post=49211"},{"taxonomy":"post_tag","embeddable":true,"href":"https:\/\/www.spring-reiter.de\/index.php\/wp-json\/wp\/v2\/tags?post=49211"}],"curies":[{"name":"wp","href":"https:\/\/api.w.org\/{rel}","templated":true}]}}