{"id":49838,"date":"2022-03-06T18:04:02","date_gmt":"2022-03-06T17:04:02","guid":{"rendered":"https:\/\/www.spring-reiter.de\/?p=49838"},"modified":"2022-03-06T18:04:06","modified_gmt":"2022-03-06T17:04:06","slug":"harm-lahde-und-don-diarado-gewinnen-silberschleife-im-csi3-grand-prix-in-gorla-minore","status":"publish","type":"post","link":"https:\/\/www.spring-reiter.de\/index.php\/2022\/03\/06\/harm-lahde-und-don-diarado-gewinnen-silberschleife-im-csi3-grand-prix-in-gorla-minore\/","title":{"rendered":"Harm Lahde und Don Diarado gewinnen Silberschleife im CSI3* Grand Prix in Gorla Minore!"},"content":{"rendered":"\n<p>Es dauerte einen Moment, bis sich Harm Lahde und sein neuer Sportpartner Don Diarado (v. Diarado) aneinander gew\u00f6hnt hatten und der Reiter das Temperament und den Vorw\u00e4rtsdrang des Ausnahme-Hengstes im Griff hatte: Aber nun l\u00e4uft es offensichtlich f\u00fcr das neue Paar &#8211; im mit 52.000 Euro dotierten CSI3* Grand Prix \u00fcber 1,50m mit Stechen in Gorla Minore konnten sich der Bereiter vom Elmgest\u00fct Drei Eichen und der Olympia-Partner von Maurice Tebbel nach zwei tollen fehlerfreien Runden Platz zwei hinter Bryan Balsiger und Dubai du Bois Pinchet (v. Kashmir van Schuttershof) sichern. Nur neun Paare hatten den Sprung ins Stechen geschafft und nur drei blieben auch hier ohne Fehler. <\/p>\n\n\n\n<p>&#8222;Don Diarado gab mir ein richtig, richtig gutes Gef\u00fchl&#8220;, freute sich Harm Lahde nach seinem Erfolg gegen\u00fcber spring-reiter.de Und an seinen Sportpartner gerichtet sagte er: &#8222;Doni du bist von einer anderen Welt!&#8220; <\/p>\n\n\n\n<p>Erst Ende Dezember war der Hengst im Besitz der Familie M\u00fcter von Maurice Tebbel zur\u00fcck aufs Elmgest\u00fct Drei Eichen gekehrt. Seitdem sitzt Harm Lahde im Sattel des \u00dcberfliegers. <\/p>\n","protected":false},"excerpt":{"rendered":"<p>Es dauerte einen Moment, bis sich Harm Lahde und sein neuer Sportpartner Don Diarado (v. Diarado) aneinander gew\u00f6hnt hatten und der Reiter das Temperament und den Vorw\u00e4rtsdrang des Ausnahme-Hengstes im Griff hatte: Aber nun l\u00e4uft es offensichtlich f\u00fcr das neue Paar &#8211; im mit 52.000 Euro dotierten CSI3* Grand Prix &hellip; <a class=\"kt-excerpt-readmore\" href=\"https:\/\/www.spring-reiter.de\/index.php\/2022\/03\/06\/harm-lahde-und-don-diarado-gewinnen-silberschleife-im-csi3-grand-prix-in-gorla-minore\/\" aria-label=\"Harm Lahde und Don Diarado gewinnen Silberschleife im CSI3* Grand Prix in Gorla Minore!\">Weiterlesen<\/a><\/p>\n","protected":false},"author":2,"featured_media":49840,"comment_status":"closed","ping_status":"open","sticky":false,"template":"","format":"standard","meta":{"footnotes":""},"categories":[1],"tags":[],"class_list":["post-49838","post","type-post","status-publish","format-standard","has-post-thumbnail","hentry","category-allgemein"],"translation":{"provider":"WPGlobus","version":"3.0.2","language":"de","enabled_languages":["de","en"],"languages":{"de":{"title":true,"content":true,"excerpt":false},"en":{"title":false,"content":false,"excerpt":false}}},"_links":{"self":[{"href":"https:\/\/www.spring-reiter.de\/index.php\/wp-json\/wp\/v2\/posts\/49838","targetHints":{"allow":["GET"]}}],"collection":[{"href":"https:\/\/www.spring-reiter.de\/index.php\/wp-json\/wp\/v2\/posts"}],"about":[{"href":"https:\/\/www.spring-reiter.de\/index.php\/wp-json\/wp\/v2\/types\/post"}],"author":[{"embeddable":true,"href":"https:\/\/www.spring-reiter.de\/index.php\/wp-json\/wp\/v2\/users\/2"}],"replies":[{"embeddable":true,"href":"https:\/\/www.spring-reiter.de\/index.php\/wp-json\/wp\/v2\/comments?post=49838"}],"version-history":[{"count":0,"href":"https:\/\/www.spring-reiter.de\/index.php\/wp-json\/wp\/v2\/posts\/49838\/revisions"}],"wp:featuredmedia":[{"embeddable":true,"href":"https:\/\/www.spring-reiter.de\/index.php\/wp-json\/wp\/v2\/media\/49840"}],"wp:attachment":[{"href":"https:\/\/www.spring-reiter.de\/index.php\/wp-json\/wp\/v2\/media?parent=49838"}],"wp:term":[{"taxonomy":"category","embeddable":true,"href":"https:\/\/www.spring-reiter.de\/index.php\/wp-json\/wp\/v2\/categories?post=49838"},{"taxonomy":"post_tag","embeddable":true,"href":"https:\/\/www.spring-reiter.de\/index.php\/wp-json\/wp\/v2\/tags?post=49838"}],"curies":[{"name":"wp","href":"https:\/\/api.w.org\/{rel}","templated":true}]}}