{"id":50076,"date":"2022-03-15T14:44:15","date_gmt":"2022-03-15T13:44:15","guid":{"rendered":"https:\/\/www.spring-reiter.de\/?p=50076"},"modified":"2022-03-15T14:46:33","modified_gmt":"2022-03-15T13:46:33","slug":"kader-springen-2022-aufgestellt","status":"publish","type":"post","link":"https:\/\/www.spring-reiter.de\/index.php\/2022\/03\/15\/kader-springen-2022-aufgestellt\/","title":{"rendered":"Kader Springen 2022 aufgestellt!"},"content":{"rendered":"\n<p><strong>Der Springausschuss des Deutschen Olympiade-Komitees f\u00fcr Reiterei (DOKR) hat die Bundeskader f\u00fcr das Jahr 2022 berufen. Die Kader im \u00dcberblick (in alphabetischer Reihenfolge):<\/strong><\/p>\n\n\n\n<p><strong>Olympiakader:<\/strong><br>Christian Ahlmann (Marl\/WEF) mit Dominator 2000 Z<br>Daniel Deu\u00dfer (Rijmenam\/BEL\/HES) mit Killer Queen VDM<br>Marcus Ehning (Borken\/WEF) mit Stargold<br>Christian Kukuk (Riesenbeck\/WEF) mit Mumbai<br>Andr\u00e9 Thieme (Plau am See\/MEV) mit DSP Chakaria<br>Philipp Weishaupt (Riesenbeck\/WEF) mit Coby<br>David Will (Dagobertshausen\/WEF) mit C-Vier<\/p>\n\n\n\n<p><strong>Perspektivkader:<\/strong><\/p>\n\n\n\n<p><strong>Erfolgsorientiert\/erweiterte Weltspitze:<\/strong><br>Gerrit Nieberg (Sendenhorst\/WEF) mit Ben<br>Philipp Schulze Topphoff (Havixbeck\/WEF) mit Concordess NRW<br>Jana Wargers (Emsdetten\/WEF) mit Limbridge<\/p>\n\n\n\n<p><strong>Perspektivisch:<\/strong><br>Sophie Hinners (Vierden\/Dagobertshausen\/HES) mit Vittorio<br>Justine Tebbel (Emsb\u00fcren\/WES) mit Light Star<br>Richard Vogel (Dagobertshausen\/BAW) mit Caramba<br>Cedric Wolf (Buchholz\/RPF) mit DSP Chicitito<\/p>\n\n\n\n<p><strong>Nachwuchskader 1:<\/strong><\/p>\n\n\n\n<p><strong>U21 (Junge Reiter):<\/strong><br>Hannes Ahlmann (Reher\/SHO) mit Nerrado und Caracas<br>S\u00f6nke Fallenberg (Ennigerloh\/WEF) mit Chakira TF NRW und Vescovino<br>Emilia L\u00f6ser (Niedermeisen\/RPF) mit Lesodero<br>Matthis Westendarp (Wallenhorst\/WES) mit Stalido FRH<\/p>\n\n\n\n<p><strong>U18 (Junioren):<\/strong><br>Marie Flick (M\u00fcnchen\/BAY) mit DSP Charlott und Ciro<br>Mick Haunhorst (Hagen a.T.W.\/WES) mit Ireland<\/p>\n\n\n\n<p><strong>U16 (Pony):<\/strong><br>Leonie Assmann (Sigmarszell\/BAY) mit Hankifax H<br>Emile Baurand (M\u00fcnchen\/BAY) mit Ami<br>Hanna Br\u00e4uer (Wilnsdorf\/WEF) mit Cookie<br>Jonna Esser (Wipperf\u00fcrth\/RHL) mit Catness<\/p>\n\n\n\n<p><strong>U14 (Children):<\/strong><br>Antonia H\u00e4sler (Chemnitz\/SAC) mit Dynamite N<br>Tony Stormanns (Eschweiler\/RHL) mit Dia Nova<\/p>\n\n\n\n<p><strong>Nachwuchskader 2:<\/strong><\/p>\n\n\n\n<p><strong>U21 (Junge Reiter):<\/strong><br>Leila Bingold (Borken\/HES) mit Christof<br>Maren Hoffmann (Neustadt-Dosse\/BBG) mit Goldquelle<\/p>\n\n\n\n<p><strong>U18 (Junioren):<\/strong><br>Charlotte H\u00f6ing (Warendorf\/BBG) mit Caboom<br>Lisa Maria Funke (Goldenstedt\/WES) mit Limbarto<\/p>\n\n\n\n<p><strong>U16 (Pony):<\/strong><br>Franca Clementine Kr\u00f6ly (Isernhagen\/HAN) mit Karim van Orchid&#8217;s<\/p>\n\n\n\n<p><strong>U14 (Children):<\/strong><br>Amy Helfrich (Viernheim\/HES) mit Leon und PSS Can<br>Frieda Raupach (Damme\/WES) mit Stakkata RM<br>Lennard Tillmann (Grevenbroich\/RHL) mit Oreal Des Etains Z<\/p>\n","protected":false},"excerpt":{"rendered":"<p>Der Springausschuss des Deutschen Olympiade-Komitees f\u00fcr Reiterei (DOKR) hat die Bundeskader f\u00fcr das Jahr 2022 berufen. Die Kader im \u00dcberblick (in alphabetischer Reihenfolge): Olympiakader:Christian Ahlmann (Marl\/WEF) mit Dominator 2000 ZDaniel Deu\u00dfer (Rijmenam\/BEL\/HES) mit Killer Queen VDMMarcus Ehning (Borken\/WEF) mit StargoldChristian Kukuk (Riesenbeck\/WEF) mit MumbaiAndr\u00e9 Thieme (Plau am See\/MEV) mit DSP &hellip; <a class=\"kt-excerpt-readmore\" href=\"https:\/\/www.spring-reiter.de\/index.php\/2022\/03\/15\/kader-springen-2022-aufgestellt\/\" aria-label=\"Kader Springen 2022 aufgestellt!\">Weiterlesen<\/a><\/p>\n","protected":false},"author":2,"featured_media":50058,"comment_status":"closed","ping_status":"open","sticky":false,"template":"","format":"standard","meta":{"footnotes":""},"categories":[1],"tags":[],"class_list":["post-50076","post","type-post","status-publish","format-standard","has-post-thumbnail","hentry","category-allgemein"],"translation":{"provider":"WPGlobus","version":"3.0.2","language":"de","enabled_languages":["de","en"],"languages":{"de":{"title":true,"content":true,"excerpt":false},"en":{"title":false,"content":false,"excerpt":false}}},"_links":{"self":[{"href":"https:\/\/www.spring-reiter.de\/index.php\/wp-json\/wp\/v2\/posts\/50076","targetHints":{"allow":["GET"]}}],"collection":[{"href":"https:\/\/www.spring-reiter.de\/index.php\/wp-json\/wp\/v2\/posts"}],"about":[{"href":"https:\/\/www.spring-reiter.de\/index.php\/wp-json\/wp\/v2\/types\/post"}],"author":[{"embeddable":true,"href":"https:\/\/www.spring-reiter.de\/index.php\/wp-json\/wp\/v2\/users\/2"}],"replies":[{"embeddable":true,"href":"https:\/\/www.spring-reiter.de\/index.php\/wp-json\/wp\/v2\/comments?post=50076"}],"version-history":[{"count":0,"href":"https:\/\/www.spring-reiter.de\/index.php\/wp-json\/wp\/v2\/posts\/50076\/revisions"}],"wp:featuredmedia":[{"embeddable":true,"href":"https:\/\/www.spring-reiter.de\/index.php\/wp-json\/wp\/v2\/media\/50058"}],"wp:attachment":[{"href":"https:\/\/www.spring-reiter.de\/index.php\/wp-json\/wp\/v2\/media?parent=50076"}],"wp:term":[{"taxonomy":"category","embeddable":true,"href":"https:\/\/www.spring-reiter.de\/index.php\/wp-json\/wp\/v2\/categories?post=50076"},{"taxonomy":"post_tag","embeddable":true,"href":"https:\/\/www.spring-reiter.de\/index.php\/wp-json\/wp\/v2\/tags?post=50076"}],"curies":[{"name":"wp","href":"https:\/\/api.w.org\/{rel}","templated":true}]}}