{"id":50826,"date":"2022-04-10T10:40:29","date_gmt":"2022-04-10T08:40:29","guid":{"rendered":"https:\/\/www.spring-reiter.de\/?p=50826"},"modified":"2022-04-10T11:31:14","modified_gmt":"2022-04-10T09:31:14","slug":"interview-mit-gerrit-nieberg-ueber-seine-ruhe-vor-dem-sturm-im-finale-in-leipzig","status":"publish","type":"post","link":"https:\/\/www.spring-reiter.de\/index.php\/2022\/04\/10\/interview-mit-gerrit-nieberg-ueber-seine-ruhe-vor-dem-sturm-im-finale-in-leipzig\/","title":{"rendered":"Interview mit Gerrit Nieberg \u00fcber seine Ruhe vor dem Sturm beim Weltcup-Finale in Leipzig"},"content":{"rendered":"\n<p>Er wei\u00df wie man pokert. Weil er das gerne in seiner Freizeit macht. Vielleicht hilft dieses Ass im \u00c4rmel auch beim FEI World Cup Final an diesem Sonntag in Leipzig. Gerrit Nieberg hat mit Platz f\u00fcnf im Gesamt-Ranking als bester deutscher mit seinem elfj\u00e4hrigen Westfalen-Wallach Ben (v. Sylvain) noch alle Chancen auf das Podium. Und das ist schon ein kleines Wunder. Auch, weil die Nummer 159 der aktuellen Weltrangliste im ersten Anlauf noch nicht qualifiziert war. spring-reiter.de hat den sympathischen Sohn des Mannschafts-Olympia-Gewinners (1996 u. 2000), Lars Nieberg, zum Interview getroffen. \u00a0<\/p>\n\n\n\n<p>\u201eIch habe vor drei Wochen den Anruf bekommen, dass ich in Leipzig im Weltcup-Finale starten kann. Ich hatte Gl\u00fcck, dass ein paar von meinen Kollegen abgesagt haben, oder ein Pferd verkauft wurde. Zwei, drei Wochen lang war ich immer einen raus, habe lange gehofft, dass es noch klappt. Umso mehr habe ich mich dann gefreut, als der Anruf kam, dass ich bei meinem ersten Weltcup-Finale starten darf. Ich habe mich im Vorfeld riesig auf dieses Turnier gefreut\u201c, erz\u00e4hlt der 28j\u00e4hrige, der am Samstag mit Blues D\u2019Aveline CH Zweiter im Gro\u00dfen Sparkassen-Preis wurde.<\/p>\n\n\n\n<p>Dabei lag eine Karriere im Springsattel lange nicht auf der Hand, zog er lieber Fu\u00dfballschuhe als Reitstiefel an. \u201eWenn mein Vater im Fernsehen war und meine Mutter mir sagte, bleib mal hier, Papa kommt gleich, habe ich gesagt, du kannst mir ja sp\u00e4ter erz\u00e4hlen, wie er war\u201c, schmunzelt Gerrit heute. \u201eDas Interesse an den Pferden kam relativ sp\u00e4t. Ich habe erst so mit 13 Jahren angefangen zu reiten. Davor war mein Fokus beim Fu\u00dfball, es hat sogar f\u00fcr ein DFB St\u00fctzpunkt gereicht\u201c, erinnert sich Nieberg.<\/p>\n\n\n\n<p>Bis sich das Blatt pl\u00f6tzlich wendete. Von einem Tag auf den anderen fing er mit dem Reiten an, vielleicht auch, weil der j\u00fcngere Bruder Max schon l\u00e4nger in den Sattel stieg. \u201eNach einer Woche sagte ich schon, ich will Bereiter werden\u201c, lacht Gerrit Nieberg. Er h\u00e4ngte die Fu\u00dfballschuhe an den Nagel und konzentrierte sich voll aufs Reiten. Wenn auch noch im normalen Rahmen. \u201eWir haben nie frei genommen von der Schule, um aufs Turnier zu fahren. Ich bin nie eine Deutsche Jugendmeisterschaft oder beim Preis der Besten geritten\u201c, sagt Nieberg.<\/p>\n\n\n\n<p>Nach der Schule machte er erst mal eine Lehre als Steuerfachangestellter. \u201eDas war so der Deal, damit ich auch noch etwas Vern\u00fcnftiges habe, falls es mit dem Reiten nicht so klappt. Und es ist auch nicht verkehrt, hier ein paar Einblicke zu haben\u201c, lacht Nieberg augenzwinkernd. Anschlie\u00dfend absolvierte er noch eine Ausbildung zum Pferdewirt beim DOKR in Warendorf, kr\u00f6nte den Abschluss mit der bestandenen Meisterpr\u00fcfung. Doch erst die Partnerschaft mit seinem Erfolgspferd, dem Holsteiner Hengst Contagio, \u00f6ffnete ihm die T\u00fcren zum Gro\u00dfen Sport. &nbsp;Mit ihm gewann er u.a. den Gro\u00dfen Preis in Frankfurt. Von da an ging es steil nach oben.<\/p>\n\n\n\n<p>Auch mit der gro\u00dfen Unterst\u00fctzung seines Vaters Lars. Zusammen sind sie auf dem Gest\u00fct Gut Berl von Henrik Snoek angestellt, machen gemeinsam einen Turnierplan, haben mit Snoek zusammen ein paar gemeinsame Pferde.<\/p>\n\n\n\n<p>Meist kommt der Vater mit zu den gro\u00dfen Events, gibt seinem Sohn wertvolle Tipps. \u201eDas gibt nat\u00fcrlich eine enorme Sicherheit\u201c, gesteht Gerrit Nieberg, der sich selbst als ruhig, bescheiden und zur\u00fcckhaltend beschreibt. In diesem Jahr darf Nieberg auch bei der Global Champions Tour starten, reist durch die Welt. \u201eDas ist genau dass, was ich will\u201c, gesteht Nieberg. Seine Freundin begleitet ihm, \u201eso oft es geht\u201c.<\/p>\n\n\n\n<p>Und er hat gro\u00dfe Pl\u00e4ne. \u201eMein gr\u00f6\u00dftes Ziel in diesem Jahr ist die Weltmeisterschaft in Herning\u201c, verr\u00e4t Gerrit Nieberg. Er ist kein Tr\u00e4umer, wei\u00df, dass dieses Ziel auch andere verfolgen. Aber er ist selbstbewusst genug, sein St\u00e4rken und die seines Pferdes einsch\u00e4tzen zu k\u00f6nnen. Auf dem Weg dahin stehen noch Stationen in St. Tropez, in Hamburg und Stockholm bei der Global Champions Tour an, Nationenpreise und nat\u00fcrlich Aachen als weiteres Ziel auf dem Weg. \u201eDas kann nat\u00fcrlich nicht a, alles Ben machen, das w\u00e4re etwas zu viel. Zum Gl\u00fcck habe ich zwei Pferde, die auf diesem Level gehen k\u00f6nnen\u201c, so Nieberg. \u201eAm Ende muss nat\u00fcrlich die Leistung und die Form der Pferde stimmen. Und dann gucken wir, ob wir in dem engeren Kreis sind, die zur Auswahl stehen\u201c, bringt er es sachlich auf den Punkt.<\/p>\n\n\n\n<p>Und guckt, wie es seine Vorbilder machen, wie Daniel Deusser, den er bewundert. \u201eIch mag seine Art und Weise wie er reitet. Wie er mit den verschiedensten Pferden umgeht. Und seine Konstanz, die er in seinem System hat.\u201c<\/p>\n\n\n\n<p>Doch jetzt steht erst einmal das Weltcup-Finale in Leipzig an. Am Vormittag will er seinen Ben noch einmal locker reiten, bis es am Nachmittag in die gro\u00dfe Leipziger Arena ins Finale geht. \u201eZum Gl\u00fcck werde ich nicht so schnell nerv\u00f6s, lasse ich mich nicht aus dem Konzept bringen. Reiten hat auch ganz viel mit dem Kopf zu tun. Wenn ich mir schon im Vorfeld zu viele Gedanken mache, was alles schief gehen kann, dann passiert es im Zweifel auch.\u201c&nbsp;<\/p>\n\n\n\n<p>Die Ruhe braucht er auch, um gegen\u00fcber seinem Ben, der im Parcours schon mal \u201e\u00fcbermotiviert\u201c sein kann, die n\u00f6tige Ruhe auszustrahlen. Die Erfolge der letzten Wochen und Monate haben gezeigt, dass das gut klappt. &nbsp;Bluffen muss Nieberg nicht und ein Pokerface braucht er hier auch nicht. Die Bilanz spricht f\u00fcr sich: \u201eIn den letzten zw\u00f6lf internationalen Gro\u00dfen Preisen war er in elf platziert.\u201c Und das kann gerne auch im Weltcup Finale in Leipzig so weiter gehen.<\/p>\n\n\n\n<p>spring-reiter.de dr\u00fcckt Gerrit Nieberg fest die Daumen!<\/p>\n\n\n\n<p>Text und Interview: Corinna Philipps<\/p>\n","protected":false},"excerpt":{"rendered":"<p>Er wei\u00df wie man pokert. Weil er das gerne in seiner Freizeit macht. Vielleicht hilft dieses Ass im \u00c4rmel auch beim FEI World Cup Final an diesem Sonntag in Leipzig. Gerrit Nieberg hat mit Platz f\u00fcnf im Gesamt-Ranking als bester deutscher mit seinem elfj\u00e4hrigen Westfalen-Wallach Ben (v. Sylvain) noch alle &hellip; <a class=\"kt-excerpt-readmore\" href=\"https:\/\/www.spring-reiter.de\/index.php\/2022\/04\/10\/interview-mit-gerrit-nieberg-ueber-seine-ruhe-vor-dem-sturm-im-finale-in-leipzig\/\" aria-label=\"Interview mit Gerrit Nieberg \u00fcber seine Ruhe vor dem Sturm beim Weltcup-Finale in Leipzig\">Weiterlesen<\/a><\/p>\n","protected":false},"author":2,"featured_media":50838,"comment_status":"closed","ping_status":"open","sticky":false,"template":"","format":"standard","meta":{"footnotes":""},"categories":[1],"tags":[],"class_list":["post-50826","post","type-post","status-publish","format-standard","has-post-thumbnail","hentry","category-allgemein"],"translation":{"provider":"WPGlobus","version":"3.0.2","language":"de","enabled_languages":["de","en"],"languages":{"de":{"title":true,"content":true,"excerpt":false},"en":{"title":false,"content":false,"excerpt":false}}},"_links":{"self":[{"href":"https:\/\/www.spring-reiter.de\/index.php\/wp-json\/wp\/v2\/posts\/50826","targetHints":{"allow":["GET"]}}],"collection":[{"href":"https:\/\/www.spring-reiter.de\/index.php\/wp-json\/wp\/v2\/posts"}],"about":[{"href":"https:\/\/www.spring-reiter.de\/index.php\/wp-json\/wp\/v2\/types\/post"}],"author":[{"embeddable":true,"href":"https:\/\/www.spring-reiter.de\/index.php\/wp-json\/wp\/v2\/users\/2"}],"replies":[{"embeddable":true,"href":"https:\/\/www.spring-reiter.de\/index.php\/wp-json\/wp\/v2\/comments?post=50826"}],"version-history":[{"count":0,"href":"https:\/\/www.spring-reiter.de\/index.php\/wp-json\/wp\/v2\/posts\/50826\/revisions"}],"wp:featuredmedia":[{"embeddable":true,"href":"https:\/\/www.spring-reiter.de\/index.php\/wp-json\/wp\/v2\/media\/50838"}],"wp:attachment":[{"href":"https:\/\/www.spring-reiter.de\/index.php\/wp-json\/wp\/v2\/media?parent=50826"}],"wp:term":[{"taxonomy":"category","embeddable":true,"href":"https:\/\/www.spring-reiter.de\/index.php\/wp-json\/wp\/v2\/categories?post=50826"},{"taxonomy":"post_tag","embeddable":true,"href":"https:\/\/www.spring-reiter.de\/index.php\/wp-json\/wp\/v2\/tags?post=50826"}],"curies":[{"name":"wp","href":"https:\/\/api.w.org\/{rel}","templated":true}]}}