{"id":51188,"date":"2022-04-21T18:45:21","date_gmt":"2022-04-21T16:45:21","guid":{"rendered":"https:\/\/www.spring-reiter.de\/?p=51188"},"modified":"2022-04-21T19:15:20","modified_gmt":"2022-04-21T17:15:20","slug":"schwerer-schlag-fuer-david-will-familie-rijkens-verkauft-seinen-c-vier","status":"publish","type":"post","link":"https:\/\/www.spring-reiter.de\/index.php\/2022\/04\/21\/schwerer-schlag-fuer-david-will-familie-rijkens-verkauft-seinen-c-vier\/","title":{"rendered":"Schwerer Schlag f\u00fcr David Will: Familie Rijkens verkauft seinen C Vier!"},"content":{"rendered":"\n<p>Das ist wie ein K.o.-Schlag, von dem er sich erst einmal erholen muss: Gerade erst hat David Will mit seinem besten Pferd C Vier beim Weltcup-Finale in Leipzig gemeinsam mit Jens Fredricson und Martin Fuchs die letzte Pr\u00fcfung gewonnen und sich in der Gesamtwertung auf Rang sechs platziert, da ist C Vier nicht mehr sein Pferd:<\/p>\n\n\n\n<p>\u201eHeute ist ein sehr trauriger Tag in Dagobertshausen, da wir uns von C Vier verabschieden mussten, der verkauft wurde und unseren Hof verlassen hat. Trotzdem bin ich Familie Rijkens sehr dankbar daf\u00fcr, dass sie mir die Chance gegeben hat, dieses fantastische Pferd 1,5 Jahre lang zu reiten, und f\u00fcr die vielen Siege, die wir gemeinsam feiern konnten. Danke auch an das gesamte Team, dass es so viel M\u00fche und zus\u00e4tzliche Stunden investiert hat, um sich so gut um C Vier zu k\u00fcmmern. Wir w\u00fcnschen ihm und seinem neuen Reiter alles Gute f\u00fcr die Zukunft.\u201c<\/p>\n\n\n\n<p>Das ist ein wirklich schwerer Schlag, denn eigentlich sah sich David Will mit C Vier auf gutem Weg f\u00fcr einen Startplatz bei der WM in Herning. Zur gemeinsamen Erfolgsbilanz mit dem Holsteiner Cardento-Sohn geh\u00f6rte EM-Mannschaftssilber in Riesenbeck und Rang sieben in der Einzelwertung. Bei der Weltcup-Etappe in Madrid im letzten Herbst wurde das Dreamteam Zweite.  F\u00fcr Bundestrainer Otto Becker waren die Beiden nicht nur beim Nationenpreis-Finale 2021 in Barcelona immer wieder feste Gr\u00f6\u00dfen in seiner Team-Planung. Auch beim Mercedes-Benz Nationenpreis beim CHIO Aachen waren Will und C Vier am Start. <\/p>\n\n\n\n<p>Ja, und eigentlich wollte David Will mit dem 14j\u00e4hrigen C Vier auch seinen Titel beim Rolex Grand Prix in Rom verteidigen. Eigentlich. Aber die Pferde-Besitzer haben die phantastischen Erfolge des Paares jetzt versilbert.<\/p>\n","protected":false},"excerpt":{"rendered":"<p>Das ist wie ein K.o.-Schlag, von dem er sich erst einmal erholen muss: Gerade erst hat David Will mit seinem besten Pferd C Vier beim Weltcup-Finale in Leipzig gemeinsam mit Jens Fredricson und Martin Fuchs die letzte Pr\u00fcfung gewonnen und sich in der Gesamtwertung auf Rang sechs platziert, da ist &hellip; <a class=\"kt-excerpt-readmore\" href=\"https:\/\/www.spring-reiter.de\/index.php\/2022\/04\/21\/schwerer-schlag-fuer-david-will-familie-rijkens-verkauft-seinen-c-vier\/\" aria-label=\"Schwerer Schlag f\u00fcr David Will: Familie Rijkens verkauft seinen C Vier!\">Weiterlesen<\/a><\/p>\n","protected":false},"author":3,"featured_media":50849,"comment_status":"closed","ping_status":"open","sticky":false,"template":"","format":"standard","meta":{"footnotes":""},"categories":[1],"tags":[],"class_list":["post-51188","post","type-post","status-publish","format-standard","has-post-thumbnail","hentry","category-allgemein"],"translation":{"provider":"WPGlobus","version":"3.0.2","language":"de","enabled_languages":["de","en"],"languages":{"de":{"title":true,"content":true,"excerpt":false},"en":{"title":false,"content":false,"excerpt":false}}},"_links":{"self":[{"href":"https:\/\/www.spring-reiter.de\/index.php\/wp-json\/wp\/v2\/posts\/51188","targetHints":{"allow":["GET"]}}],"collection":[{"href":"https:\/\/www.spring-reiter.de\/index.php\/wp-json\/wp\/v2\/posts"}],"about":[{"href":"https:\/\/www.spring-reiter.de\/index.php\/wp-json\/wp\/v2\/types\/post"}],"author":[{"embeddable":true,"href":"https:\/\/www.spring-reiter.de\/index.php\/wp-json\/wp\/v2\/users\/3"}],"replies":[{"embeddable":true,"href":"https:\/\/www.spring-reiter.de\/index.php\/wp-json\/wp\/v2\/comments?post=51188"}],"version-history":[{"count":0,"href":"https:\/\/www.spring-reiter.de\/index.php\/wp-json\/wp\/v2\/posts\/51188\/revisions"}],"wp:featuredmedia":[{"embeddable":true,"href":"https:\/\/www.spring-reiter.de\/index.php\/wp-json\/wp\/v2\/media\/50849"}],"wp:attachment":[{"href":"https:\/\/www.spring-reiter.de\/index.php\/wp-json\/wp\/v2\/media?parent=51188"}],"wp:term":[{"taxonomy":"category","embeddable":true,"href":"https:\/\/www.spring-reiter.de\/index.php\/wp-json\/wp\/v2\/categories?post=51188"},{"taxonomy":"post_tag","embeddable":true,"href":"https:\/\/www.spring-reiter.de\/index.php\/wp-json\/wp\/v2\/tags?post=51188"}],"curies":[{"name":"wp","href":"https:\/\/api.w.org\/{rel}","templated":true}]}}