{"id":51746,"date":"2022-05-12T11:57:14","date_gmt":"2022-05-12T09:57:14","guid":{"rendered":"https:\/\/www.spring-reiter.de\/?p=51746"},"modified":"2022-05-12T11:57:21","modified_gmt":"2022-05-12T09:57:21","slug":"henning-schmidt-neuer-aufsichtsratsvorsitzender-des-hannoveraner-verbands","status":"publish","type":"post","link":"https:\/\/www.spring-reiter.de\/index.php\/2022\/05\/12\/henning-schmidt-neuer-aufsichtsratsvorsitzender-des-hannoveraner-verbands\/","title":{"rendered":"Henning Schmidt neuer Aufsichtsratsvorsitzender des Hannoveraner Verbands"},"content":{"rendered":"\n<p>Bei der Delegiertenversammlung des Hannoveraner Verbandes wurde Henning Schmidt zum Aufsichtsratsvorsitzenden gew\u00e4hlt. Dr. Hinni L\u00fchrs-Behnke wurde als Pr\u00e4sident in seinem Amt best\u00e4tigt. \u201eWir sind gut durch die Coronajahre gekommen, und das geht nur, wenn wir alle an einem Strang ziehen\u201c, sagte er mit Blick auf die zur\u00fcckliegenden Monate.<\/p>\n\n\n\n<p>Es war ein Mammutprogramm, das vor den 111 Delegierten lag. Coronabedingt war die Versammlung im vergangenen Jahr ausgefallen, und so standen die Gesch\u00e4ftsjahre 2020 und 2021 auf der Agenda. Nach der Umstrukturierung des Hannoveraner Verbandes standen nach ein- bzw. zweij\u00e4hriger Amtszeit f\u00fcr einige Positionen im Pr\u00e4sidium Wahlen an. Neuer Aufsichtsratsvorsitzender wurde Henning Schmidt. \u201eIch freue mich auf die positive Zusammenarbeit zum Wohle des Hannoveraner Verbandes\u201c, sagte der Unternehmer und Z\u00fcchter aus Barnstedt. Mit \u00fcber 95-prozentiger Zustimmung wurde Dr. Hinni L\u00fchrs-Behnke, Verden-Borstel, in seinem Amt als Pr\u00e4sident best\u00e4tigt. \u201eIch verstehe mich als Teamplayer und freue mich, weitermachen zu k\u00f6nnen\u201c, sagte der promovierte Agraringenieur. Ebenfalls mit gro\u00dfer Mehrheit wurde Helmut B\u00e4\u00dfmann, Meitze, neu in das Pr\u00e4sidium gew\u00e4hlt, wo er als Nachfolger von Harald Thelker f\u00fcr den Bereich Z\u00fcchterbindung zust\u00e4ndig sein wird. Wiedergew\u00e4hlt wurden Hendrik H\u00fcsker, Wachendorf, als stellvertretender Aufsichtsratsvorsitzender, sowie Carsten Leopold, Bassum, als stellvertretender Pr\u00e4sident. Intensiv diskutiert wurde vor der Abstimmung \u00fcber die m\u00f6gliche Abberufung des Pr\u00e4sidiumsmitglieds Matthias Klatt, der sich aufgrund einer Good Governance-Angelegenheit als Zuchtrichter dem Votum unterzogen hatte. Eine knappe Mehrheitsentscheidung f\u00fchrte zum Verbleib von Matthias Klatt als Pr\u00e4sidiumsmitglied Dressur.<\/p>\n\n\n\n<p>Neben den Wahlen stimmten die Delegierten \u00fcber einige Satzungs\u00e4nderungen ab. So wurde die vor zwei Jahren eingef\u00fchrte Altersbegrenzung f\u00fcr die \u00dcbernahme von \u00c4mtern wieder gestrichen. Der Blick auf die beiden zur\u00fcckliegenden Gesch\u00e4ftsjahre fiel positiv aus. Trotz der schwierigen Bedingungen haben sich Auktionen und Zucht sehr gut entwickelt und f\u00fchrten zu schwarzen Zahlen in allen Bereichen. Viele Neuerungen wurden auf den Weg gebracht wie die Online Auktionen, die disziplinbezogene Trennung der Hengstk\u00f6rungen, die Sporttests f\u00fcr Stuten sowie die Hannoveraner Springpferde-Masters. \u201eAuf den Verdener Auktionen wurden im vergangenen Jahr fast 20 Pferde zu Preisen im sechsstelligen Bereich verkauft\u201c, sagte Dr. Hinni L\u00fchrs-Behnke. \u201eAu\u00dferdem wollen wir die Zucht wieder n\u00e4her an den Sport bringen. Mit unseren neuen Turnierpl\u00e4tzen soll sich Verden als Turnierveranstalter etablieren.\u201c\u00a0<\/p>\n\n\n\n<p>Ein wichtiger Schritt Vergangenheitsbew\u00e4ltigung konnte ebenfalls gegangen werden. Nach Abschluss verschiedener Rechtsstreitigkeiten erfolgte deren Darlegung gegen\u00fcber den Delegierten, die als Vorbedingung f\u00fcr ausstehende Entlastungen ehemaliger Gremien bestimmt worden war. Nun wurde diesbez\u00fcglich gegen die Aufnahme von Regressanspr\u00fcchen gegen Ehrenamtsvertreter votiert, s\u00e4mtliche Entlastungen wurden vollzogen. Dadurch sieht sich der Hannoveraner Verband f\u00fcr die vertrauensvolle zuk\u00fcnftige Arbeit gut aufgestellt. \u201eWichtig ist, dass das Hannoversche Pferd wieder im Mittelpunkt steht\u201c, schloss der neugew\u00e4hlte Aufsichtsratsvorsitzende Henning Schmidt.<\/p>\n","protected":false},"excerpt":{"rendered":"<p>Bei der Delegiertenversammlung des Hannoveraner Verbandes wurde Henning Schmidt zum Aufsichtsratsvorsitzenden gew\u00e4hlt. Dr. Hinni L\u00fchrs-Behnke wurde als Pr\u00e4sident in seinem Amt best\u00e4tigt. \u201eWir sind gut durch die Coronajahre gekommen, und das geht nur, wenn wir alle an einem Strang ziehen\u201c, sagte er mit Blick auf die zur\u00fcckliegenden Monate. Es war &hellip; <a class=\"kt-excerpt-readmore\" href=\"https:\/\/www.spring-reiter.de\/index.php\/2022\/05\/12\/henning-schmidt-neuer-aufsichtsratsvorsitzender-des-hannoveraner-verbands\/\" aria-label=\"Henning Schmidt neuer Aufsichtsratsvorsitzender des Hannoveraner Verbands\">Weiterlesen<\/a><\/p>\n","protected":false},"author":3,"featured_media":51747,"comment_status":"closed","ping_status":"open","sticky":false,"template":"","format":"standard","meta":{"footnotes":""},"categories":[1],"tags":[],"class_list":["post-51746","post","type-post","status-publish","format-standard","has-post-thumbnail","hentry","category-allgemein"],"translation":{"provider":"WPGlobus","version":"3.0.2","language":"de","enabled_languages":["de","en"],"languages":{"de":{"title":true,"content":true,"excerpt":false},"en":{"title":false,"content":false,"excerpt":false}}},"_links":{"self":[{"href":"https:\/\/www.spring-reiter.de\/index.php\/wp-json\/wp\/v2\/posts\/51746","targetHints":{"allow":["GET"]}}],"collection":[{"href":"https:\/\/www.spring-reiter.de\/index.php\/wp-json\/wp\/v2\/posts"}],"about":[{"href":"https:\/\/www.spring-reiter.de\/index.php\/wp-json\/wp\/v2\/types\/post"}],"author":[{"embeddable":true,"href":"https:\/\/www.spring-reiter.de\/index.php\/wp-json\/wp\/v2\/users\/3"}],"replies":[{"embeddable":true,"href":"https:\/\/www.spring-reiter.de\/index.php\/wp-json\/wp\/v2\/comments?post=51746"}],"version-history":[{"count":0,"href":"https:\/\/www.spring-reiter.de\/index.php\/wp-json\/wp\/v2\/posts\/51746\/revisions"}],"wp:featuredmedia":[{"embeddable":true,"href":"https:\/\/www.spring-reiter.de\/index.php\/wp-json\/wp\/v2\/media\/51747"}],"wp:attachment":[{"href":"https:\/\/www.spring-reiter.de\/index.php\/wp-json\/wp\/v2\/media?parent=51746"}],"wp:term":[{"taxonomy":"category","embeddable":true,"href":"https:\/\/www.spring-reiter.de\/index.php\/wp-json\/wp\/v2\/categories?post=51746"},{"taxonomy":"post_tag","embeddable":true,"href":"https:\/\/www.spring-reiter.de\/index.php\/wp-json\/wp\/v2\/tags?post=51746"}],"curies":[{"name":"wp","href":"https:\/\/api.w.org\/{rel}","templated":true}]}}