{"id":51752,"date":"2022-05-12T22:13:08","date_gmt":"2022-05-12T20:13:08","guid":{"rendered":"https:\/\/www.spring-reiter.de\/?p=51752"},"modified":"2022-05-12T22:13:14","modified_gmt":"2022-05-12T20:13:14","slug":"otto-becker-benennt-sein-team-fuer-den-nationenpreis-in-rom","status":"publish","type":"post","link":"https:\/\/www.spring-reiter.de\/index.php\/2022\/05\/12\/otto-becker-benennt-sein-team-fuer-den-nationenpreis-in-rom\/","title":{"rendered":"Otto Becker benennt sein Team f\u00fcr den Nationenpreis in Rom"},"content":{"rendered":"\n<p>Neues Spiel &#8211; neues Gl\u00fcck: Nachdem der deutschen Equipe beim Nationenpreis vor einer Woche im franz\u00f6sischen La Baule das Qu\u00e4ntchen Gl\u00fcck fehlte und das Team am Ende Platz sechs belegte, geht es in Rom am Freitag, den 27. Mai, in die n\u00e4chste Runde und ins n\u00e4chste Kr\u00e4ftemessen. Die deutschen Farben, so verriet es Otto Becker jetzt spring-reiter.de, werden beim Nationscup in Rom in diesem Jahr von Christian Kukuk, Jana Wagers, Katrin Eckermann, Max Weishaupt und J\u00f6rne Sprehe vertreten. <\/p>\n\n\n\n<p>Zehn Mannschaften treten auf der Piazza di Siena im malerischen Park Villa Borghese gegeneinander an. Titelverteidiger sind die Belgier, die mit ihrem Sieg in La Baule ihre St\u00e4rke gerade erneut demonstrierten. Aber auch f\u00fcr Deutschland ist Rom ein gutes Pflaster. Im letzten Jahr konnte sich das Team von Otto Becker mit Kendra Claricia Brinkop, Patrick St\u00fchlmeyer, David Will und Marcus Ehning den zweiten Platz sichern. <\/p>\n\n\n\n<p>Ein weiteres Highlight in Rom ist der Rolex Grand Prix am Sonntag. Titelverteidiger David Will, der sich sehr auf dieses Turnier gefreut hatte, wird nach dem Verkauf von C Vier leider nicht am Start sein. <\/p>\n\n\n\n<p>Infos: <a href=\"https:\/\/www.piazzadisiena.it\/en\/news-piazza-di-siena-english\/1458-the-nations-cup-the-teams-competing.html\">Piazza di Siena <\/a><\/p>\n\n\n\n<p><\/p>\n","protected":false},"excerpt":{"rendered":"<p>Neues Spiel &#8211; neues Gl\u00fcck: Nachdem der deutschen Equipe beim Nationenpreis vor einer Woche im franz\u00f6sischen La Baule das Qu\u00e4ntchen Gl\u00fcck fehlte und das Team am Ende Platz sechs belegte, geht es in Rom am Freitag, den 27. Mai, in die n\u00e4chste Runde und ins n\u00e4chste Kr\u00e4ftemessen. Die deutschen Farben, &hellip; <a class=\"kt-excerpt-readmore\" href=\"https:\/\/www.spring-reiter.de\/index.php\/2022\/05\/12\/otto-becker-benennt-sein-team-fuer-den-nationenpreis-in-rom\/\" aria-label=\"Otto Becker benennt sein Team f\u00fcr den Nationenpreis in Rom\">Weiterlesen<\/a><\/p>\n","protected":false},"author":2,"featured_media":50162,"comment_status":"closed","ping_status":"open","sticky":false,"template":"","format":"standard","meta":{"footnotes":""},"categories":[1],"tags":[],"class_list":["post-51752","post","type-post","status-publish","format-standard","has-post-thumbnail","hentry","category-allgemein"],"translation":{"provider":"WPGlobus","version":"3.0.2","language":"de","enabled_languages":["de","en"],"languages":{"de":{"title":true,"content":true,"excerpt":false},"en":{"title":false,"content":false,"excerpt":false}}},"_links":{"self":[{"href":"https:\/\/www.spring-reiter.de\/index.php\/wp-json\/wp\/v2\/posts\/51752","targetHints":{"allow":["GET"]}}],"collection":[{"href":"https:\/\/www.spring-reiter.de\/index.php\/wp-json\/wp\/v2\/posts"}],"about":[{"href":"https:\/\/www.spring-reiter.de\/index.php\/wp-json\/wp\/v2\/types\/post"}],"author":[{"embeddable":true,"href":"https:\/\/www.spring-reiter.de\/index.php\/wp-json\/wp\/v2\/users\/2"}],"replies":[{"embeddable":true,"href":"https:\/\/www.spring-reiter.de\/index.php\/wp-json\/wp\/v2\/comments?post=51752"}],"version-history":[{"count":0,"href":"https:\/\/www.spring-reiter.de\/index.php\/wp-json\/wp\/v2\/posts\/51752\/revisions"}],"wp:featuredmedia":[{"embeddable":true,"href":"https:\/\/www.spring-reiter.de\/index.php\/wp-json\/wp\/v2\/media\/50162"}],"wp:attachment":[{"href":"https:\/\/www.spring-reiter.de\/index.php\/wp-json\/wp\/v2\/media?parent=51752"}],"wp:term":[{"taxonomy":"category","embeddable":true,"href":"https:\/\/www.spring-reiter.de\/index.php\/wp-json\/wp\/v2\/categories?post=51752"},{"taxonomy":"post_tag","embeddable":true,"href":"https:\/\/www.spring-reiter.de\/index.php\/wp-json\/wp\/v2\/tags?post=51752"}],"curies":[{"name":"wp","href":"https:\/\/api.w.org\/{rel}","templated":true}]}}