{"id":51828,"date":"2022-05-14T18:11:12","date_gmt":"2022-05-14T16:11:12","guid":{"rendered":"https:\/\/www.spring-reiter.de\/?p=51828"},"modified":"2022-05-14T18:11:15","modified_gmt":"2022-05-14T16:11:15","slug":"felix-hassmann-haengt-richard-vogel-im-championat-von-mecklenburg-vorpommern-ab","status":"publish","type":"post","link":"https:\/\/www.spring-reiter.de\/index.php\/2022\/05\/14\/felix-hassmann-haengt-richard-vogel-im-championat-von-mecklenburg-vorpommern-ab\/","title":{"rendered":"Felix Ha\u00dfmann h\u00e4ngt Richard Vogel im Championat von Mecklenburg-Vorpommern ab"},"content":{"rendered":"\n<p>Es war eines der Highlights des Tages beim Pferdefestival in Redefin: Das Championat von Mecklenburg-Vorpommern \u00fcber 1,45m mit Stechen. Und endlich waren auch wieder Zuschauer auf den Landgest\u00fct Redefin. Das war gut f\u00fcr die Stimmung, immerhin 15 Paare qualifizierten sich f\u00fcr das Stechen. Dabei auch der Europameister und Lokalmatador Andr\u00e9 Thieme mit seinem Derby-Pferd Contadur (v. Conteros).  Es wurde schnell und schneller. Und dann legte Felix Ha\u00dfmann mit seinem 17j\u00e4hrigen Schimmel Cayenne WZ (v. Claudio) los, nahm konsequent die Innenbahn und scho\u00df nach 37.89 Sekunden \u00fcber die Ziellinie. <\/p>\n\n\n\n<p>Richard Vogel versuchte mit seinem Carlchen S (v. Comme il Faut) und mit den gedr\u00fcckten Daumen von Besitzer Hugo Simon diese Bestmarke zu knacken, aber heute sollte es f\u00fcr den Vorjahressieger &#8222;nur&#8220; f\u00fcr Platz zwei reichen (38.27 Sekunden). Platz drei sicherte sich Vielseitigkeitsspezialistin Sandra Auffarth mit ihrem Quirici H (v. Quaid). F\u00fcr sie war es das &#8222;erste Mal&#8220; beim Pferdefestival in Redefin und nach diesem super Auftakt will sie auf jeden Fall wieder kommen. Platz vier ging an den Niederl\u00e4nder Willem Greve mit Highway M TN (v. Eldorado vd Zeshoek) vor dem D\u00e4nen Andreas Schou mit Action Man (v. Action Breaker). Auf Platz sechs sprangen eine hoch motivierte Janne Friederike Meyer-Zimmermann und ihr quirrliger Chaka Chaka (v. Casall). Janne wird demn\u00e4chst auch beim Hamburger Derby starten. &#8222;Da freue ich mich schon drauf&#8220;, erz\u00e4hlt die junge Mutter, die in diesem Jahr &#8222;hoffentlich&#8220; noch ein paar Nationenpreis reiten darf. Mit ihrem Grand Prix Sieg vor ein paar Wochen in Hagen hat sie ihre Top-Form schon mal eindrucksvoll best\u00e4tigt. <\/p>\n\n\n\n<p>Andr\u00e9 Thieme und sein Contadur wurden Siebte, gewinnen wollten sie heute sowieso nicht. &#8222;Ich bereite Contadur f\u00fcr das Hamburger Derby vor und eigentlich wollte ich heute noch langsamer reiten&#8220;, lachte Thieme nach seiner Runde. <\/p>\n","protected":false},"excerpt":{"rendered":"<p>Es war eines der Highlights des Tages beim Pferdefestival in Redefin: Das Championat von Mecklenburg-Vorpommern \u00fcber 1,45m mit Stechen. Und endlich waren auch wieder Zuschauer auf den Landgest\u00fct Redefin. Das war gut f\u00fcr die Stimmung, immerhin 15 Paare qualifizierten sich f\u00fcr das Stechen. Dabei auch der Europameister und Lokalmatador Andr\u00e9 &hellip; <a class=\"kt-excerpt-readmore\" href=\"https:\/\/www.spring-reiter.de\/index.php\/2022\/05\/14\/felix-hassmann-haengt-richard-vogel-im-championat-von-mecklenburg-vorpommern-ab\/\" aria-label=\"Felix Ha\u00dfmann h\u00e4ngt Richard Vogel im Championat von Mecklenburg-Vorpommern ab\">Weiterlesen<\/a><\/p>\n","protected":false},"author":2,"featured_media":51830,"comment_status":"closed","ping_status":"open","sticky":false,"template":"","format":"standard","meta":{"footnotes":""},"categories":[1],"tags":[],"class_list":["post-51828","post","type-post","status-publish","format-standard","has-post-thumbnail","hentry","category-allgemein"],"translation":{"provider":"WPGlobus","version":"3.0.2","language":"de","enabled_languages":["de","en"],"languages":{"de":{"title":true,"content":true,"excerpt":false},"en":{"title":false,"content":false,"excerpt":false}}},"_links":{"self":[{"href":"https:\/\/www.spring-reiter.de\/index.php\/wp-json\/wp\/v2\/posts\/51828","targetHints":{"allow":["GET"]}}],"collection":[{"href":"https:\/\/www.spring-reiter.de\/index.php\/wp-json\/wp\/v2\/posts"}],"about":[{"href":"https:\/\/www.spring-reiter.de\/index.php\/wp-json\/wp\/v2\/types\/post"}],"author":[{"embeddable":true,"href":"https:\/\/www.spring-reiter.de\/index.php\/wp-json\/wp\/v2\/users\/2"}],"replies":[{"embeddable":true,"href":"https:\/\/www.spring-reiter.de\/index.php\/wp-json\/wp\/v2\/comments?post=51828"}],"version-history":[{"count":0,"href":"https:\/\/www.spring-reiter.de\/index.php\/wp-json\/wp\/v2\/posts\/51828\/revisions"}],"wp:featuredmedia":[{"embeddable":true,"href":"https:\/\/www.spring-reiter.de\/index.php\/wp-json\/wp\/v2\/media\/51830"}],"wp:attachment":[{"href":"https:\/\/www.spring-reiter.de\/index.php\/wp-json\/wp\/v2\/media?parent=51828"}],"wp:term":[{"taxonomy":"category","embeddable":true,"href":"https:\/\/www.spring-reiter.de\/index.php\/wp-json\/wp\/v2\/categories?post=51828"},{"taxonomy":"post_tag","embeddable":true,"href":"https:\/\/www.spring-reiter.de\/index.php\/wp-json\/wp\/v2\/tags?post=51828"}],"curies":[{"name":"wp","href":"https:\/\/api.w.org\/{rel}","templated":true}]}}