{"id":52013,"date":"2022-05-19T16:28:47","date_gmt":"2022-05-19T14:28:47","guid":{"rendered":"https:\/\/www.spring-reiter.de\/?p=52013"},"modified":"2022-05-19T16:28:51","modified_gmt":"2022-05-19T14:28:51","slug":"fohlen-international-2022-auktion-in-muenchen-riem","status":"publish","type":"post","link":"https:\/\/www.spring-reiter.de\/index.php\/2022\/05\/19\/fohlen-international-2022-auktion-in-muenchen-riem\/","title":{"rendered":"Fohlen International 2022: Auktion in M\u00fcnchen-Riem"},"content":{"rendered":"\n<p>Am Samstagabend, direkt im Anschluss an die Springpr\u00fcfungen um ca. 19.00 Uhr, wird der gro\u00dfe Hufeisenplatz Gras zur B\u00fchne f\u00fcr vielversprechende Nachwuchsofferten. Die ersten Fohlen des Jahres 2022 werden die einmalige Kulisse des hippologischen Highlights f\u00fcr sich nutzen und von Auktionator Hendrik Schulze-R\u00fcckamp in gewohnt mitrei\u00dfender Art und Weise an den Meistbietenden zugeschlagen.<\/p>\n\n\n\n<p>Hengste, wie Diarado, Chacoon Blue oder Vingino, die an der Weltspitze im Sport und in der Zucht Zuhause sind, schicken ihren Nachwuchs nach M\u00fcnchen-Riem. Aber auch Youngsters von Top Nachwuchsvererbern wie Zenetti oder Kataro, pr\u00e4sentieren sich auf dem Hufeisenplatz Gras.<br>Sichern Sie sich daher schon jetzt die Stars von Morgen f\u00fcr den gro\u00dfen Springparcours oder das Dressurviereck!<br>Bereits am Freitagvormittag beziehen die Fohlen die Stallungen des Landesverbandes auf dem Gel\u00e4nde der Olympia-Reitanlage und werden am Freitagnachmittag sowie am Samstagmittag vor den Zuschauern pr\u00e4sentiert. In der Zwischenzeit k\u00f6nnen die Auktionsfohlen in den Stallungen aufgesucht und pers\u00f6nlich in Augenschein genommen werden.<br>Alle weiteren Informationen und Videos zu den Auktionsfohlen, dem Ablauf der Versteigerung sowie Einsicht in die Untersuchungsprotokolle erhalten Sie am Stand des Landesverbandes Bayerischer Pferdez\u00fcchter e.V. direkt neben dem Hufeisenplatz Gras.<\/p>\n\n\n\n<p>Zur Fohlenkollektion: <a href=\"http:\/\/www.fohlenkauf.eu\">www.fohlenkauf.eu<\/a><\/p>\n\n\n\n<p>www.bayerns-pferde.de<\/p>\n","protected":false},"excerpt":{"rendered":"<p>Am Samstagabend, direkt im Anschluss an die Springpr\u00fcfungen um ca. 19.00 Uhr, wird der gro\u00dfe Hufeisenplatz Gras zur B\u00fchne f\u00fcr vielversprechende Nachwuchsofferten. Die ersten Fohlen des Jahres 2022 werden die einmalige Kulisse des hippologischen Highlights f\u00fcr sich nutzen und von Auktionator Hendrik Schulze-R\u00fcckamp in gewohnt mitrei\u00dfender Art und Weise an &hellip; <a class=\"kt-excerpt-readmore\" href=\"https:\/\/www.spring-reiter.de\/index.php\/2022\/05\/19\/fohlen-international-2022-auktion-in-muenchen-riem\/\" aria-label=\"Fohlen International 2022: Auktion in M\u00fcnchen-Riem\">Weiterlesen<\/a><\/p>\n","protected":false},"author":3,"featured_media":52014,"comment_status":"closed","ping_status":"open","sticky":false,"template":"","format":"standard","meta":{"footnotes":""},"categories":[1],"tags":[],"class_list":["post-52013","post","type-post","status-publish","format-standard","has-post-thumbnail","hentry","category-allgemein"],"translation":{"provider":"WPGlobus","version":"3.0.2","language":"de","enabled_languages":["de","en"],"languages":{"de":{"title":true,"content":true,"excerpt":false},"en":{"title":false,"content":false,"excerpt":false}}},"_links":{"self":[{"href":"https:\/\/www.spring-reiter.de\/index.php\/wp-json\/wp\/v2\/posts\/52013","targetHints":{"allow":["GET"]}}],"collection":[{"href":"https:\/\/www.spring-reiter.de\/index.php\/wp-json\/wp\/v2\/posts"}],"about":[{"href":"https:\/\/www.spring-reiter.de\/index.php\/wp-json\/wp\/v2\/types\/post"}],"author":[{"embeddable":true,"href":"https:\/\/www.spring-reiter.de\/index.php\/wp-json\/wp\/v2\/users\/3"}],"replies":[{"embeddable":true,"href":"https:\/\/www.spring-reiter.de\/index.php\/wp-json\/wp\/v2\/comments?post=52013"}],"version-history":[{"count":0,"href":"https:\/\/www.spring-reiter.de\/index.php\/wp-json\/wp\/v2\/posts\/52013\/revisions"}],"wp:featuredmedia":[{"embeddable":true,"href":"https:\/\/www.spring-reiter.de\/index.php\/wp-json\/wp\/v2\/media\/52014"}],"wp:attachment":[{"href":"https:\/\/www.spring-reiter.de\/index.php\/wp-json\/wp\/v2\/media?parent=52013"}],"wp:term":[{"taxonomy":"category","embeddable":true,"href":"https:\/\/www.spring-reiter.de\/index.php\/wp-json\/wp\/v2\/categories?post=52013"},{"taxonomy":"post_tag","embeddable":true,"href":"https:\/\/www.spring-reiter.de\/index.php\/wp-json\/wp\/v2\/tags?post=52013"}],"curies":[{"name":"wp","href":"https:\/\/api.w.org\/{rel}","templated":true}]}}