{"id":52057,"date":"2022-05-21T14:36:19","date_gmt":"2022-05-21T12:36:19","guid":{"rendered":"https:\/\/www.spring-reiter.de\/?p=52057"},"modified":"2022-05-21T14:36:22","modified_gmt":"2022-05-21T12:36:22","slug":"wenn-in-gross-viegeln-nele-auf-andreas-in-der-amateur-tour-trifft","status":"publish","type":"post","link":"https:\/\/www.spring-reiter.de\/index.php\/2022\/05\/21\/wenn-in-gross-viegeln-nele-auf-andreas-in-der-amateur-tour-trifft\/","title":{"rendered":"Wenn in Gro\u00df Viegeln Nele auf Andreas in der Amateur Tour trifft&#8230;"},"content":{"rendered":"\n<p>Der 31-j\u00e4hrige Andreas Theurer geh\u00f6rte 2011 zum EM-Team der Jungen Reiter Springen, jetzt war er in der Postbank Immobilien Amateur-Tour der DKB Pferdewoche am Start. Die 16-j\u00e4hrige Nele Harms ist seit f\u00fcnf Jahren eine Sch\u00fclerin von Hausherrin Astrid Wulschner und ist in Gro\u00df Viegeln gegen Theurer angetreten. Unterschiedlicher k\u00f6nnten die beiden Konkurrenten kaum sein\u2026<br><br>Theurer ist seit sechs Jahren in leitender Position im Familienunternehmen Theurer Trucks t\u00e4tig. Zeit zum Reiten hat er praktisch nur am Wochenende und selten unter der Woche. \u201eIch gehe gerne am Wochenende aufs Turnier oder einfach mal nur ins Gel\u00e4nde. Das ist f\u00fcr mich Ausgleich.\u201c Die t\u00e4gliche Arbeit mit den Pferden \u00fcbernehmen Theurers Freundin und Bereiter Josch L\u00f6hden. \u201eFr\u00fcher bin ich jeden Tag fr\u00fch um 6.00 Uhr vor der Arbeit oder abends sp\u00e4t nach 19.00 Uhr geritten, aber das war zu stressig. Da fehlte mir dann auch die Motivation und ich bin tats\u00e4chlich zwei Jahre mal gar nicht geritten.\u201c<br><br>Nele ist nahezu jeden Tag im Stall Wulschner, um mit ihren Pferden, der zehnj\u00e4hrigen KWPN-Stute Elain und dem elfj\u00e4hrigen Rexano Z, zu trainieren. Die Sch\u00fclerin beurteilt ihre Ritte l\u00e4ngst nicht mehr nur nach dem Ergebnis, sondern schon nach dem Gef\u00fchl, ob sich ihr Sportpartner gut angef\u00fchlt hat und der Parcours fl\u00fcssig war.<br><br>Theurer und Harms sind typische Beispiele f\u00fcr die bunte Mischung der Postbank Immobilien Amateur Tour: \u201eWir wollen im Schwerpunkt die Jugend- und den Amateursport unterst\u00fctzen\u201c, betont Jens Hillringhaus, Direktor Immobilienvertrieb der Postbank Immobilien GmbH und der Vater von Nele. \u201eDer Profisport bekommt meistens genug Unterst\u00fctzung, deshalb konzentrieren wir uns auf die Jugend und die Amateure.\u201c Schon fr\u00fcher hat sich die Postbank Immobilien GmbH des Gebiets Rostock im Pferdesport engagiert und einen Children Cup unterst\u00fctzt. \u201eWir kennen das Turnier bei Holger Wulschner seit einigen Jahren. Es ist ein super Turnier, das mit ganz viel Herzblut gemacht ist\u201c, betont Hillringhaus. \u201eNach der Corona-Zeit sind einige Turniere weggefallen und wir waren erneut auf der Suche eines passenden Engagements. Die Amateur-Tour in Gro\u00df Viegeln hat sich angeboten und passt genau zu unserem Konzept.\u201c<br>Nele war von sechs Starts f\u00fcnfmal platziert und ist h\u00e4ufig mit einem guten Gef\u00fchl aus dem Parcours geritten \u2013 hochzufrieden genie\u00dft sie die restliche Zeit des Turniers als Zuschauerin in Gro\u00df Viegeln.<br><br>Theurer hat zwei Pr\u00fcfungen gewonnen und war dreimal Zweiter \u2013 auch er ist hochzufrieden und k\u00fcmmert sich jetzt noch um seine ausgestellten Lkw am Rande des Turniers.<br><br>Die Amateur-Tour in Gro\u00df Viegeln \u2013 mit buntem Starterfeld, Nachwuchs- und Amateurreitern und sehr viel Passion im Sattel.<br>(KiK\/pe&amp;pa)<br><br>Der Eintritt ist an allen Tagen frei.<\/p>\n","protected":false},"excerpt":{"rendered":"<p>Der 31-j\u00e4hrige Andreas Theurer geh\u00f6rte 2011 zum EM-Team der Jungen Reiter Springen, jetzt war er in der Postbank Immobilien Amateur-Tour der DKB Pferdewoche am Start. Die 16-j\u00e4hrige Nele Harms ist seit f\u00fcnf Jahren eine Sch\u00fclerin von Hausherrin Astrid Wulschner und ist in Gro\u00df Viegeln gegen Theurer angetreten. Unterschiedlicher k\u00f6nnten die &hellip; <a class=\"kt-excerpt-readmore\" href=\"https:\/\/www.spring-reiter.de\/index.php\/2022\/05\/21\/wenn-in-gross-viegeln-nele-auf-andreas-in-der-amateur-tour-trifft\/\" aria-label=\"Wenn in Gro\u00df Viegeln Nele auf Andreas in der Amateur Tour trifft&#8230;\">Weiterlesen<\/a><\/p>\n","protected":false},"author":3,"featured_media":52058,"comment_status":"closed","ping_status":"open","sticky":false,"template":"","format":"standard","meta":{"footnotes":""},"categories":[1],"tags":[],"class_list":["post-52057","post","type-post","status-publish","format-standard","has-post-thumbnail","hentry","category-allgemein"],"translation":{"provider":"WPGlobus","version":"3.0.2","language":"de","enabled_languages":["de","en"],"languages":{"de":{"title":true,"content":true,"excerpt":false},"en":{"title":false,"content":false,"excerpt":false}}},"_links":{"self":[{"href":"https:\/\/www.spring-reiter.de\/index.php\/wp-json\/wp\/v2\/posts\/52057","targetHints":{"allow":["GET"]}}],"collection":[{"href":"https:\/\/www.spring-reiter.de\/index.php\/wp-json\/wp\/v2\/posts"}],"about":[{"href":"https:\/\/www.spring-reiter.de\/index.php\/wp-json\/wp\/v2\/types\/post"}],"author":[{"embeddable":true,"href":"https:\/\/www.spring-reiter.de\/index.php\/wp-json\/wp\/v2\/users\/3"}],"replies":[{"embeddable":true,"href":"https:\/\/www.spring-reiter.de\/index.php\/wp-json\/wp\/v2\/comments?post=52057"}],"version-history":[{"count":0,"href":"https:\/\/www.spring-reiter.de\/index.php\/wp-json\/wp\/v2\/posts\/52057\/revisions"}],"wp:featuredmedia":[{"embeddable":true,"href":"https:\/\/www.spring-reiter.de\/index.php\/wp-json\/wp\/v2\/media\/52058"}],"wp:attachment":[{"href":"https:\/\/www.spring-reiter.de\/index.php\/wp-json\/wp\/v2\/media?parent=52057"}],"wp:term":[{"taxonomy":"category","embeddable":true,"href":"https:\/\/www.spring-reiter.de\/index.php\/wp-json\/wp\/v2\/categories?post=52057"},{"taxonomy":"post_tag","embeddable":true,"href":"https:\/\/www.spring-reiter.de\/index.php\/wp-json\/wp\/v2\/tags?post=52057"}],"curies":[{"name":"wp","href":"https:\/\/api.w.org\/{rel}","templated":true}]}}