{"id":52193,"date":"2022-05-24T12:11:25","date_gmt":"2022-05-24T10:11:25","guid":{"rendered":"https:\/\/www.spring-reiter.de\/?p=52193"},"modified":"2022-05-24T12:11:31","modified_gmt":"2022-05-24T10:11:31","slug":"delegiertenversammlung-oldenburger-haben-gewaehlt","status":"publish","type":"post","link":"https:\/\/www.spring-reiter.de\/index.php\/2022\/05\/24\/delegiertenversammlung-oldenburger-haben-gewaehlt\/","title":{"rendered":"Delegiertenversammlung: Oldenburger haben gew\u00e4hlt"},"content":{"rendered":"\n<p>Die Delegiertenversammlung des Verbandes der Z\u00fcchter des Oldenburger Pferdes e.V. (OL) hat gew\u00e4hlt: Marco Pundsack tritt die Nachfolge des stellvertretenden Vorsitzenden Bodo Willms an. Neu im Vorstand ist Wilfried Fleming<em>.<\/em><\/p>\n\n\n\n<p>Bei der gestrigen Delegiertenversammlung im Oldenburger Pferde Zentrum Vechta wurde Bodo Willms als stellvertretender Vorsitzender des Verbandes der Z\u00fcchter des Oldenburger Pferdes e.V. verabschiedet. Marco Pundsack, der bereits \u00fcber Jahre im Vorstand t\u00e4tig ist, wird k\u00fcnftig dieses Amt \u00fcbernehmen. Ehre, wem Ehre geb\u00fchrt: Bodo Willms wurde nach seiner langj\u00e4hrigen T\u00e4tigkeit zum Ehrenmitglied des Verbandes der Z\u00fcchter des Oldenburger Pferdes e.V. gew\u00e4hlt.<\/p>\n\n\n\n<p>Wilfried Fleming wurde in den Vorstand des Verbandes der Z\u00fcchter des Oldenburger Pferdes e.V. gew\u00e4hlt. Der Agraringenieur ist bereits seit vielen Jahren Mitglied von OL und dem Springpferdezuchtverband Oldenburg-International e.V. Mit dem \u201ePferdevirus\u201c angesteckt hat er sich durch das famili\u00e4re Umfeld und den Kontakt zu Z\u00fcchterkollegen. Der berufliche Ruhestand erlaubt es dem erfolgreichen Unternehmer nun, mit gro\u00dfem Engagement den Verband der Z\u00fcchter des Oldenburger Pferdes e.V. weiterzuentwickeln, zu f\u00f6rdern und zu st\u00e4rken.<\/p>\n","protected":false},"excerpt":{"rendered":"<p>Die Delegiertenversammlung des Verbandes der Z\u00fcchter des Oldenburger Pferdes e.V. (OL) hat gew\u00e4hlt: Marco Pundsack tritt die Nachfolge des stellvertretenden Vorsitzenden Bodo Willms an. Neu im Vorstand ist Wilfried Fleming. Bei der gestrigen Delegiertenversammlung im Oldenburger Pferde Zentrum Vechta wurde Bodo Willms als stellvertretender Vorsitzender des Verbandes der Z\u00fcchter des &hellip; <a class=\"kt-excerpt-readmore\" href=\"https:\/\/www.spring-reiter.de\/index.php\/2022\/05\/24\/delegiertenversammlung-oldenburger-haben-gewaehlt\/\" aria-label=\"Delegiertenversammlung: Oldenburger haben gew\u00e4hlt\">Weiterlesen<\/a><\/p>\n","protected":false},"author":3,"featured_media":52194,"comment_status":"closed","ping_status":"open","sticky":false,"template":"","format":"standard","meta":{"footnotes":""},"categories":[1],"tags":[],"class_list":["post-52193","post","type-post","status-publish","format-standard","has-post-thumbnail","hentry","category-allgemein"],"translation":{"provider":"WPGlobus","version":"3.0.2","language":"de","enabled_languages":["de","en"],"languages":{"de":{"title":true,"content":true,"excerpt":false},"en":{"title":false,"content":false,"excerpt":false}}},"_links":{"self":[{"href":"https:\/\/www.spring-reiter.de\/index.php\/wp-json\/wp\/v2\/posts\/52193","targetHints":{"allow":["GET"]}}],"collection":[{"href":"https:\/\/www.spring-reiter.de\/index.php\/wp-json\/wp\/v2\/posts"}],"about":[{"href":"https:\/\/www.spring-reiter.de\/index.php\/wp-json\/wp\/v2\/types\/post"}],"author":[{"embeddable":true,"href":"https:\/\/www.spring-reiter.de\/index.php\/wp-json\/wp\/v2\/users\/3"}],"replies":[{"embeddable":true,"href":"https:\/\/www.spring-reiter.de\/index.php\/wp-json\/wp\/v2\/comments?post=52193"}],"version-history":[{"count":0,"href":"https:\/\/www.spring-reiter.de\/index.php\/wp-json\/wp\/v2\/posts\/52193\/revisions"}],"wp:featuredmedia":[{"embeddable":true,"href":"https:\/\/www.spring-reiter.de\/index.php\/wp-json\/wp\/v2\/media\/52194"}],"wp:attachment":[{"href":"https:\/\/www.spring-reiter.de\/index.php\/wp-json\/wp\/v2\/media?parent=52193"}],"wp:term":[{"taxonomy":"category","embeddable":true,"href":"https:\/\/www.spring-reiter.de\/index.php\/wp-json\/wp\/v2\/categories?post=52193"},{"taxonomy":"post_tag","embeddable":true,"href":"https:\/\/www.spring-reiter.de\/index.php\/wp-json\/wp\/v2\/tags?post=52193"}],"curies":[{"name":"wp","href":"https:\/\/api.w.org\/{rel}","templated":true}]}}