{"id":52325,"date":"2022-05-27T22:14:49","date_gmt":"2022-05-27T20:14:49","guid":{"rendered":"https:\/\/www.spring-reiter.de\/?p=52325"},"modified":"2022-05-27T22:14:54","modified_gmt":"2022-05-27T20:14:54","slug":"richard-gardner-gewinnt-spring-highlight-in-muenchen","status":"publish","type":"post","link":"https:\/\/www.spring-reiter.de\/index.php\/2022\/05\/27\/richard-gardner-gewinnt-spring-highlight-in-muenchen\/","title":{"rendered":"Richard Gardner gewinnt Spring-Highlight in M\u00fcnchen"},"content":{"rendered":"\n<p>Tag zwei bei Pferd International M\u00fcnchen: Nach einem traumhaften Auftakt bei S\u00fcddeutschlands gr\u00f6\u00dfter Freiluftveranstaltung rund ums Pferd am gestrigen Feiertag str\u00f6mten die Besucher auch heute in Scharen auf die weitl\u00e4ufige Olympia-Reitanlage in M\u00fcnchen-Riem. Topsport im Springparcours und Dressurviereck, waghalsige Schaunummern im Stadion und eine bunte Messe sorgten ebenso f\u00fcr Abwechslung wie die Wettk\u00e4mpfe in der Working Equitation und der Auftakt zu den Deutschen Meisterschaften der Para-Dressurreiter.<\/p>\n\n\n\n<p>F\u00fcr die Spezialisten im Springparcours gab es heute als sportliches Highlight ein S**-Springen mit Siegerrunde zu reiten. Am Ende triumphierte ein Neuseel\u00e4nder, der seit \u00fcber 20 Jahren ein Bayer ist. Seit 2001 ist Richard Gardner, der im neuseel\u00e4ndischen Christchurch geboren wurde und in Tologa Bay, einem kleinen Ort an der Ostk\u00fcste des Landes aufwuchs, in Deutschland. Und seit dieser Zeit arbeitet er f\u00fcr das St\u00e4tzlinger Gest\u00fct Jennissen, das er gemeinsam mit seiner Frau Nanni Jennissen betreibt. Den Sieg holte er sich mit dem 14-j\u00e4hrigen Holsteiner Calisto. Zweitbester bayerischer Reiter war Denis Nielsen von der RA M\u00fcnchen mit C.H.I.O. auf Rang vier.<\/p>\n\n\n\n<p>Bereits am Vormittag hatten sich Richard Gardner mit Ippolito und der Baden-W\u00fcrttemberger Alexander Schill goldene Schleifen in zwei CSI YH-Springen f\u00fcr Nachwuchspferde geholt. In einem Zwei-Phasenspringen CSI1* hatte der Gro\u00dfostheimer Tim Hartlaub mit Bonita die Nase vorn.<\/p>\n","protected":false},"excerpt":{"rendered":"<p>Tag zwei bei Pferd International M\u00fcnchen: Nach einem traumhaften Auftakt bei S\u00fcddeutschlands gr\u00f6\u00dfter Freiluftveranstaltung rund ums Pferd am gestrigen Feiertag str\u00f6mten die Besucher auch heute in Scharen auf die weitl\u00e4ufige Olympia-Reitanlage in M\u00fcnchen-Riem. Topsport im Springparcours und Dressurviereck, waghalsige Schaunummern im Stadion und eine bunte Messe sorgten ebenso f\u00fcr Abwechslung &hellip; <a class=\"kt-excerpt-readmore\" href=\"https:\/\/www.spring-reiter.de\/index.php\/2022\/05\/27\/richard-gardner-gewinnt-spring-highlight-in-muenchen\/\" aria-label=\"Richard Gardner gewinnt Spring-Highlight in M\u00fcnchen\">Weiterlesen<\/a><\/p>\n","protected":false},"author":3,"featured_media":52330,"comment_status":"closed","ping_status":"open","sticky":false,"template":"","format":"standard","meta":{"footnotes":""},"categories":[1],"tags":[],"class_list":["post-52325","post","type-post","status-publish","format-standard","has-post-thumbnail","hentry","category-allgemein"],"translation":{"provider":"WPGlobus","version":"3.0.2","language":"de","enabled_languages":["de","en"],"languages":{"de":{"title":true,"content":true,"excerpt":false},"en":{"title":false,"content":false,"excerpt":false}}},"_links":{"self":[{"href":"https:\/\/www.spring-reiter.de\/index.php\/wp-json\/wp\/v2\/posts\/52325","targetHints":{"allow":["GET"]}}],"collection":[{"href":"https:\/\/www.spring-reiter.de\/index.php\/wp-json\/wp\/v2\/posts"}],"about":[{"href":"https:\/\/www.spring-reiter.de\/index.php\/wp-json\/wp\/v2\/types\/post"}],"author":[{"embeddable":true,"href":"https:\/\/www.spring-reiter.de\/index.php\/wp-json\/wp\/v2\/users\/3"}],"replies":[{"embeddable":true,"href":"https:\/\/www.spring-reiter.de\/index.php\/wp-json\/wp\/v2\/comments?post=52325"}],"version-history":[{"count":0,"href":"https:\/\/www.spring-reiter.de\/index.php\/wp-json\/wp\/v2\/posts\/52325\/revisions"}],"wp:featuredmedia":[{"embeddable":true,"href":"https:\/\/www.spring-reiter.de\/index.php\/wp-json\/wp\/v2\/media\/52330"}],"wp:attachment":[{"href":"https:\/\/www.spring-reiter.de\/index.php\/wp-json\/wp\/v2\/media?parent=52325"}],"wp:term":[{"taxonomy":"category","embeddable":true,"href":"https:\/\/www.spring-reiter.de\/index.php\/wp-json\/wp\/v2\/categories?post=52325"},{"taxonomy":"post_tag","embeddable":true,"href":"https:\/\/www.spring-reiter.de\/index.php\/wp-json\/wp\/v2\/tags?post=52325"}],"curies":[{"name":"wp","href":"https:\/\/api.w.org\/{rel}","templated":true}]}}