{"id":52502,"date":"2022-05-31T19:57:02","date_gmt":"2022-05-31T17:57:02","guid":{"rendered":"https:\/\/www.spring-reiter.de\/?p=52502"},"modified":"2022-05-31T19:57:05","modified_gmt":"2022-05-31T17:57:05","slug":"hoehner-ein-song-fuer-den-chio-aachen-live-premiere-bei-eroeffnungsfeier-am-28-juni-2022","status":"publish","type":"post","link":"https:\/\/www.spring-reiter.de\/index.php\/2022\/05\/31\/hoehner-ein-song-fuer-den-chio-aachen-live-premiere-bei-eroeffnungsfeier-am-28-juni-2022\/","title":{"rendered":"\u201eH\u00f6hner\u201c: Ein Song f\u00fcr den CHIO Aachen \u2013 Live-Premiere bei Er\u00f6ffnungsfeier am 28. Juni 2022"},"content":{"rendered":"\n<p>Gerade noch spielten sie mit Andre Rieu in der K\u00f6lnArena, nun er\u00f6ffnen die \u201eH\u00f6hner\u201c den CHIO Aachen und spielen live bei der Er\u00f6ffnungsfeier. Und nicht nur das: Extra f\u00fcr das Weltfest des Pferdesports hat die K\u00f6lner Band ein eigenes Lied an den Start gebracht.<\/p>\n\n\n\n<p>\u201eIn diesem Moment\u201c hei\u00dft der von den H\u00f6hnern komponierte Song. Der Kontakt kam \u00fcber H\u00f6hner-Keyboarder Micki Schl\u00e4ger zustande. Schl\u00e4ger kennt den CHIO Aachen gut, war bereits mehrfach in der Soers zu Gast. All\u2018 zu viel \u00fcber das St\u00fcck verraten will der Musiker noch nicht, nur so viel: \u201eEs ist eine Ballade, die perfekt zum CHIO und seinen gro\u00dfen Emotionen passt.\u201c Live-Weltpremiere des Songs wird am Abend des 28. Juni w\u00e4hrend der CHIO Aachen-Er\u00f6ffnungsfeier sein. Die Er\u00f6ffnungsfeier wird somit musikalisch wie selten sein, hat sich doch auch Superstar Wincent Weiss angesagt.<\/p>\n\n\n\n<p>F\u00fcr die \u201eH\u00f6hner\u201c, die in diesem Jahr 50-j\u00e4hriges Band-Jubil\u00e4um feiern, ist es nicht die erste hochdeutsche Sport-Hymne. Legend\u00e4r sind der Hit zur Handball-WM 2007 \u201eWenn nicht jetzt, wann dann\u201c \u2013 f\u00fcr den die Band Platin erhielt \u2013 und das erstmals zur Fu\u00dfball-WM 2014 rauf und runter gespielte \u201eSteh auf, mach laut!\u201c. Karten f\u00fcr die CHIO Aachen-Er\u00f6ffnungsfeier (28.6.2022, 20 Uhr) gibt es <a href=\"https:\/\/145397.seu2.cleverreach.com\/c\/72089214\/9da4e73037ec-rcr5ry\" target=\"_blank\" rel=\"noreferrer noopener\">auf der CHIO Aachen-Webseite<\/a> und an der Hotline: (0241) 917 \u2013 1111.<\/p>\n","protected":false},"excerpt":{"rendered":"<p>Gerade noch spielten sie mit Andre Rieu in der K\u00f6lnArena, nun er\u00f6ffnen die \u201eH\u00f6hner\u201c den CHIO Aachen und spielen live bei der Er\u00f6ffnungsfeier. Und nicht nur das: Extra f\u00fcr das Weltfest des Pferdesports hat die K\u00f6lner Band ein eigenes Lied an den Start gebracht. \u201eIn diesem Moment\u201c hei\u00dft der von &hellip; <a class=\"kt-excerpt-readmore\" href=\"https:\/\/www.spring-reiter.de\/index.php\/2022\/05\/31\/hoehner-ein-song-fuer-den-chio-aachen-live-premiere-bei-eroeffnungsfeier-am-28-juni-2022\/\" aria-label=\"\u201eH\u00f6hner\u201c: Ein Song f\u00fcr den CHIO Aachen \u2013 Live-Premiere bei Er\u00f6ffnungsfeier am 28. Juni 2022\">Weiterlesen<\/a><\/p>\n","protected":false},"author":2,"featured_media":52506,"comment_status":"closed","ping_status":"open","sticky":false,"template":"","format":"standard","meta":{"footnotes":""},"categories":[1],"tags":[],"class_list":["post-52502","post","type-post","status-publish","format-standard","has-post-thumbnail","hentry","category-allgemein"],"translation":{"provider":"WPGlobus","version":"3.0.2","language":"de","enabled_languages":["de","en"],"languages":{"de":{"title":true,"content":true,"excerpt":false},"en":{"title":false,"content":false,"excerpt":false}}},"_links":{"self":[{"href":"https:\/\/www.spring-reiter.de\/index.php\/wp-json\/wp\/v2\/posts\/52502","targetHints":{"allow":["GET"]}}],"collection":[{"href":"https:\/\/www.spring-reiter.de\/index.php\/wp-json\/wp\/v2\/posts"}],"about":[{"href":"https:\/\/www.spring-reiter.de\/index.php\/wp-json\/wp\/v2\/types\/post"}],"author":[{"embeddable":true,"href":"https:\/\/www.spring-reiter.de\/index.php\/wp-json\/wp\/v2\/users\/2"}],"replies":[{"embeddable":true,"href":"https:\/\/www.spring-reiter.de\/index.php\/wp-json\/wp\/v2\/comments?post=52502"}],"version-history":[{"count":0,"href":"https:\/\/www.spring-reiter.de\/index.php\/wp-json\/wp\/v2\/posts\/52502\/revisions"}],"wp:featuredmedia":[{"embeddable":true,"href":"https:\/\/www.spring-reiter.de\/index.php\/wp-json\/wp\/v2\/media\/52506"}],"wp:attachment":[{"href":"https:\/\/www.spring-reiter.de\/index.php\/wp-json\/wp\/v2\/media?parent=52502"}],"wp:term":[{"taxonomy":"category","embeddable":true,"href":"https:\/\/www.spring-reiter.de\/index.php\/wp-json\/wp\/v2\/categories?post=52502"},{"taxonomy":"post_tag","embeddable":true,"href":"https:\/\/www.spring-reiter.de\/index.php\/wp-json\/wp\/v2\/tags?post=52502"}],"curies":[{"name":"wp","href":"https:\/\/api.w.org\/{rel}","templated":true}]}}