{"id":52529,"date":"2022-06-01T12:59:10","date_gmt":"2022-06-01T10:59:10","guid":{"rendered":"https:\/\/www.spring-reiter.de\/?p=52529"},"modified":"2022-06-01T19:46:22","modified_gmt":"2022-06-01T17:46:22","slug":"ploetzlich-ging-alles-ganz-schnell-interview-mit-senkrechtstarter-tobias-meyer-zu-seinem-csio5-nationenpreis-einsatz-in-sopot","status":"publish","type":"post","link":"https:\/\/www.spring-reiter.de\/index.php\/2022\/06\/01\/ploetzlich-ging-alles-ganz-schnell-interview-mit-senkrechtstarter-tobias-meyer-zu-seinem-csio5-nationenpreis-einsatz-in-sopot\/","title":{"rendered":"\u201ePl\u00f6tzlich ging alles ganz schnell!\u201c  Senkrechtstarter Tobias Meyer vor seinem CSIO5* Nationenpreis-Einsatz in Sopot"},"content":{"rendered":"\n<p>Er muss sich manchmal noch selber kneifen. So viel ist in diesem vergangenen Jahr passiert. Vom Deutschen Meistertitel in Balve mit Greatest Boy-H zum Start beim CHIO Aachen, der gewaltige Sprung in die 1. Liga der Longines Global Champions Tour \u2013 und nun darf Senkrechtstarter Tobias Meyer sogar beim Longines FEI Nationscup beim CSIO5* &nbsp;in Sopot f\u00fcr Deutschland an den Start gehen. &nbsp;<\/p>\n\n\n\n<p>\u201eIch bin der f\u00fcnfte Mann im Nationenpreis-Team, aber ich freue mich riesig, dabei sein zu d\u00fcrfen. Es ist eine gro\u00dfe Ehre und so kann ich auf diesem Niveau Fu\u00df fassen\u201c, freut sich Tobias Meyer gegen\u00fcber spring-reiter.de \u00fcber seine Nominierung von Bundestrainer Otto Becker. Die deutschen Farben an der polnischen Ostsee vertreten vom 9. bis 12. Juni au\u00dferdem Europameister Andr\u00e9 Thieme, Christian Kukuk, Janne Friederike Meyer-Zimmermann und Philipp Weishaupt.<\/p>\n\n\n\n<p>\u201eIch hatte ja bisher wenig bis gar nichts mit dem Bundestrainer zu tun. Tjark Nagel hat\u00a0 mit Otto Becker gesprochen und dann haben wir beide auch noch telefoniert. Der Bundestrainer kannte alle meine Ergebnisse und war sehr zufrieden mit der Leistung\u201c, freut sich die derzeitige Nummer 130 der aktuellen FEI Weltrangliste. \u201eF\u00fcr mich wird das ein gro\u00dfes Erlebnis\u201c, fasst der 34j\u00e4hrige, der gerade seinen Geburtstag beim Hamburger Derby feierte, seine Gef\u00fchlslage zusammen.<\/p>\n\n\n\n<p>Noch vor einem Jahr war das noch alles weit weg, sein Leben ein anderes. \u201eDa bin ich auf einem ganz anderen Level geritten.\u201c Sein Top-Pferd Greatest Boy-H (v. Carrera VDL) hat er erst zwei Jahren unter dem Sattel, die gemeinsamen Anf\u00e4nge waren schwierig. \u201eWir sind mit M-Springen angefangen. Damals h\u00e4tte ich nie geglaubt, dass er einmal auf 5*-Niveau und fast immer Null springen w\u00fcrde. Das war nicht abzusehen.\u201c Nach dem Sieg bei der Deutschen Meisterschaft \u00e4nderte sich das rasant. \u201eWir durften wir beim CHIO Aachen starten, das lief noch nicht so, wie gew\u00fcnscht, aber auch nicht schlecht\u201c, res\u00fcmiert Tobi Meyer selbstkritisch.<\/p>\n\n\n\n<p>\u201ePl\u00f6tzlich ging alles ganz schnell. Mein Sponsor Heinrichs Horses hat mich gefragt, ob ich bei der Longines Global Champions Tour reiten will.\u201c Der geb\u00fcrtige Bad Oldesloer, der lange f\u00fcr das Gest\u00fct Sprehe arbeitete, wollte nat\u00fcrlich. \u201eIch habe gesagt, ich versuche es mal, auch wenn das alles totales Neuland f\u00fcr mich ist.\u201c Doch dann musste sein \u201eLiebling\u201c Greatest Boy-H nach einer Kolik-OP pausieren. Zum Gl\u00fcck erholte sich das \u201eFamilienpferd\u201c, der manchmal sogar von Meyers dreij\u00e4hriger Tochter Mia geritten wird, super schnell wieder.<\/p>\n\n\n\n<p>Im Fr\u00fchjahr standen die ersten Stationen bei der Longines Global Champions Tour und der Global Champions League in Miami und Mexiko an. \u201eIch habe mich nat\u00fcrlich gefragt, ob das alles so richtig ist, mit dieser Reiserei.\u201c Es war richtig. Gleich bei seinem Deb\u00fct, dem ersten Grand Prix in Miami \u00fcber 1,60m, konnte sich Tobias Meyer mit Greatest Boy-H den vierten Platz sichern. Der Sieg ging an Katrin Eckermann und Cala Mandia. Ein gelungener Einstieg, auch als neues starkes Team-Mitglied der London Knights.<\/p>\n\n\n\n<p>Und der Weg f\u00fchrt weiter nach oben: Auch wenn Tobi Meyer seinen Deutschen Meister-Titel in Balve, weil er in Sopot startet, in diesem Jahr nicht verteidigen kann. Daf\u00fcr ist er wieder beim CHIO Aachen am Start. Und dann steht auch noch ein 3*-Nationenpreis in Prag und ein Start bei der LGCT in Paris im Turnier-Kalender.<\/p>\n\n\n\n<p>Zuerst aber feiert er nun seine Premiere beim Longines FEI Nationenpreis der Europe Division 1 in Sopot. Auch wenn er noch nicht in der Startaufstellung f\u00fcr das deutsche Team ist. So etwas kann sich schnell \u00e4ndern. Das wei\u00df auch Tobi Meyer:&nbsp; \u201eEs macht mich schon stolz, dabei sein zu d\u00fcrfen, das ist ein super Gef\u00fchl. Auch, dass Otto Becker mich jetzt auf dem Zettel hat.\u201c<\/p>\n\n\n\n<p>Und gute Erinnerungen an Sopot hat Otto Becker auch: Im vergangenen Jahr hat der Bundestrainer mit seinem Team Germany mit Christian Kukuk, Marcus Ehning, Maurice Tebbel und Andr\u00e9 Thieme in Sopot den Nationenpreis gewonnen. &nbsp;&nbsp;<\/p>\n","protected":false},"excerpt":{"rendered":"<p>Er muss sich manchmal noch selber kneifen. So viel ist in diesem vergangenen Jahr passiert. Vom Deutschen Meistertitel in Balve mit Greatest Boy-H zum Start beim CHIO Aachen, der gewaltige Sprung in die 1. Liga der Longines Global Champions Tour \u2013 und nun darf Senkrechtstarter Tobias Meyer sogar beim Longines &hellip; <a class=\"kt-excerpt-readmore\" href=\"https:\/\/www.spring-reiter.de\/index.php\/2022\/06\/01\/ploetzlich-ging-alles-ganz-schnell-interview-mit-senkrechtstarter-tobias-meyer-zu-seinem-csio5-nationenpreis-einsatz-in-sopot\/\" aria-label=\"\u201ePl\u00f6tzlich ging alles ganz schnell!\u201c  Senkrechtstarter Tobias Meyer vor seinem CSIO5* Nationenpreis-Einsatz in Sopot\">Weiterlesen<\/a><\/p>\n","protected":false},"author":2,"featured_media":52535,"comment_status":"closed","ping_status":"open","sticky":false,"template":"","format":"standard","meta":{"footnotes":""},"categories":[1],"tags":[],"class_list":["post-52529","post","type-post","status-publish","format-standard","has-post-thumbnail","hentry","category-allgemein"],"translation":{"provider":"WPGlobus","version":"3.0.2","language":"de","enabled_languages":["de","en"],"languages":{"de":{"title":true,"content":true,"excerpt":false},"en":{"title":false,"content":false,"excerpt":false}}},"_links":{"self":[{"href":"https:\/\/www.spring-reiter.de\/index.php\/wp-json\/wp\/v2\/posts\/52529","targetHints":{"allow":["GET"]}}],"collection":[{"href":"https:\/\/www.spring-reiter.de\/index.php\/wp-json\/wp\/v2\/posts"}],"about":[{"href":"https:\/\/www.spring-reiter.de\/index.php\/wp-json\/wp\/v2\/types\/post"}],"author":[{"embeddable":true,"href":"https:\/\/www.spring-reiter.de\/index.php\/wp-json\/wp\/v2\/users\/2"}],"replies":[{"embeddable":true,"href":"https:\/\/www.spring-reiter.de\/index.php\/wp-json\/wp\/v2\/comments?post=52529"}],"version-history":[{"count":0,"href":"https:\/\/www.spring-reiter.de\/index.php\/wp-json\/wp\/v2\/posts\/52529\/revisions"}],"wp:featuredmedia":[{"embeddable":true,"href":"https:\/\/www.spring-reiter.de\/index.php\/wp-json\/wp\/v2\/media\/52535"}],"wp:attachment":[{"href":"https:\/\/www.spring-reiter.de\/index.php\/wp-json\/wp\/v2\/media?parent=52529"}],"wp:term":[{"taxonomy":"category","embeddable":true,"href":"https:\/\/www.spring-reiter.de\/index.php\/wp-json\/wp\/v2\/categories?post=52529"},{"taxonomy":"post_tag","embeddable":true,"href":"https:\/\/www.spring-reiter.de\/index.php\/wp-json\/wp\/v2\/tags?post=52529"}],"curies":[{"name":"wp","href":"https:\/\/api.w.org\/{rel}","templated":true}]}}