{"id":52761,"date":"2022-06-07T17:55:09","date_gmt":"2022-06-07T15:55:09","guid":{"rendered":"https:\/\/www.spring-reiter.de\/?p=52761"},"modified":"2022-06-07T17:56:34","modified_gmt":"2022-06-07T15:56:34","slug":"von-den-deutschen-meisterschaften-in-balve-bis-zum-nationenpreis-in-sopot-top-springsport-am-wochenende","status":"publish","type":"post","link":"https:\/\/www.spring-reiter.de\/index.php\/2022\/06\/07\/von-den-deutschen-meisterschaften-in-balve-bis-zum-nationenpreis-in-sopot-top-springsport-am-wochenende\/","title":{"rendered":"Von den Deutschen Meisterschaften in Balve bis zum Nationenpreis in Sopot: Top-Springsport am Wochenende!"},"content":{"rendered":"\n<p>Es ist richtig was los an diesem Wochenende im Springsport: In Balve geht es um nicht weniger als den Titel der neuen Deutschen Meisterin und dem Deutschen Meister im Springreiten. Ehemalige Deutsche Meister wie Simone Blum, Denis Nielsen, Felix Ha\u00dfmann und Mario Stevens sind am Start, aber auch Patrick St\u00fchlmeyer, David Will und Richard Vogel werden in die diesj\u00e4hrige Entscheidung mit eingreifen wollen. Und auch Sophie Hinners, amtierende Deutsche Meisterin,, wird auf jeden Fall versuchen, ihren Titel bei den Damen zu verteidigen. Ebenfalls angreifen wollen u.a. Katrin Eckermann, Simone Blum, Finja Bormann, Angelique R\u00fcsen und Sandra Auffarth. <\/p>\n\n\n\n<p>Die Teilnehmer beim  <a href=\"https:\/\/balve-optimum.de\/teilnehmer\/\">Longiens Balve Optimum<\/a><\/p>\n\n\n\n<p>Nicht dabei ist in diesem Jahr der amtierende Deutsche Meister im Springeiten, Tobias Meyer. Er ist &#8222;als f\u00fcnfter Mann&#8220; beim Nationenpreis im polnischen Sopot am Start. F\u00fcr den zweiten Longines FEI Nationenpreis der Europe Division 1 an der polnischen Ostsee hat Bundestrainer Otto Becker seinen Europameister Andr\u00e9 Thieme mit DSP Chakaria und Christian Kukuk benannt. Beide geh\u00f6rten auch im letzten Jahr zum siegreichen Team. In diesem Jahr werden die deutschen Farben am Sonntag, den 12. Juni, noch von Janne Friederike Meyer-Zimmermann und Philipp Weishaupt vertreten.  <\/p>\n\n\n\n<p>Infos: <a href=\"http:\/\/csio.sopot.pl\/\">CSIO Sopot<\/a><\/p>\n\n\n\n<p>Eine internationale Top-Besetzung finden Springsport-Fans auch beim CSI3* in Sentower Park: F\u00fcr Deutschland gehen u.a. Daniel Deusser, Nisse L\u00fcneburg und Jana Wagers an den Start. Im Equestrian Centre de Peelbergen, wo erstmals auch ein <strong>Preis von spring-reiter.de <\/strong>ausgeschrieben ist, treten u.a. Christian Ahlmann und Gerrit Nieberg an. <\/p>\n","protected":false},"excerpt":{"rendered":"<p>Es ist richtig was los an diesem Wochenende im Springsport: In Balve geht es um nicht weniger als den Titel der neuen Deutschen Meisterin und dem Deutschen Meister im Springreiten. Ehemalige Deutsche Meister wie Simone Blum, Denis Nielsen, Felix Ha\u00dfmann und Mario Stevens sind am Start, aber auch Patrick St\u00fchlmeyer, &hellip; <a class=\"kt-excerpt-readmore\" href=\"https:\/\/www.spring-reiter.de\/index.php\/2022\/06\/07\/von-den-deutschen-meisterschaften-in-balve-bis-zum-nationenpreis-in-sopot-top-springsport-am-wochenende\/\" aria-label=\"Von den Deutschen Meisterschaften in Balve bis zum Nationenpreis in Sopot: Top-Springsport am Wochenende!\">Weiterlesen<\/a><\/p>\n","protected":false},"author":2,"featured_media":52768,"comment_status":"closed","ping_status":"open","sticky":false,"template":"","format":"standard","meta":{"footnotes":""},"categories":[1],"tags":[],"class_list":["post-52761","post","type-post","status-publish","format-standard","has-post-thumbnail","hentry","category-allgemein"],"translation":{"provider":"WPGlobus","version":"3.0.2","language":"de","enabled_languages":["de","en"],"languages":{"de":{"title":true,"content":true,"excerpt":false},"en":{"title":false,"content":false,"excerpt":false}}},"_links":{"self":[{"href":"https:\/\/www.spring-reiter.de\/index.php\/wp-json\/wp\/v2\/posts\/52761","targetHints":{"allow":["GET"]}}],"collection":[{"href":"https:\/\/www.spring-reiter.de\/index.php\/wp-json\/wp\/v2\/posts"}],"about":[{"href":"https:\/\/www.spring-reiter.de\/index.php\/wp-json\/wp\/v2\/types\/post"}],"author":[{"embeddable":true,"href":"https:\/\/www.spring-reiter.de\/index.php\/wp-json\/wp\/v2\/users\/2"}],"replies":[{"embeddable":true,"href":"https:\/\/www.spring-reiter.de\/index.php\/wp-json\/wp\/v2\/comments?post=52761"}],"version-history":[{"count":0,"href":"https:\/\/www.spring-reiter.de\/index.php\/wp-json\/wp\/v2\/posts\/52761\/revisions"}],"wp:featuredmedia":[{"embeddable":true,"href":"https:\/\/www.spring-reiter.de\/index.php\/wp-json\/wp\/v2\/media\/52768"}],"wp:attachment":[{"href":"https:\/\/www.spring-reiter.de\/index.php\/wp-json\/wp\/v2\/media?parent=52761"}],"wp:term":[{"taxonomy":"category","embeddable":true,"href":"https:\/\/www.spring-reiter.de\/index.php\/wp-json\/wp\/v2\/categories?post=52761"},{"taxonomy":"post_tag","embeddable":true,"href":"https:\/\/www.spring-reiter.de\/index.php\/wp-json\/wp\/v2\/tags?post=52761"}],"curies":[{"name":"wp","href":"https:\/\/api.w.org\/{rel}","templated":true}]}}