{"id":53476,"date":"2022-06-26T19:17:10","date_gmt":"2022-06-26T17:17:10","guid":{"rendered":"https:\/\/www.spring-reiter.de\/?p=53476"},"modified":"2022-06-26T19:17:18","modified_gmt":"2022-06-26T17:17:18","slug":"chio-aachen-lars-vollmer-gewinnt-finale-um-den-u25-springpokal-der-stiftung-deutscher-spitzenpferdesport","status":"publish","type":"post","link":"https:\/\/www.spring-reiter.de\/index.php\/2022\/06\/26\/chio-aachen-lars-vollmer-gewinnt-finale-um-den-u25-springpokal-der-stiftung-deutscher-spitzenpferdesport\/","title":{"rendered":"CHIO Aachen: Lars Vollmer gewinnt Finale um den U25 Springpokal der Stiftung Deutscher Spitzenpferdesport!"},"content":{"rendered":"\n<p>Vor vier Tagen feierte Lars Volmer seinen 24. Geburtstag. Das sch\u00f6nste Geschenk machte er sich heute nachtr\u00e4glich selbst im Finale von Deutschlands U25 Springpokal der Stiftung Deutscher Spitzenpferdesport, Preis der Familie M\u00fcter.<br><br>2017 war Lars Volmer zum ersten Mal in Deutschlands U25 Springpokal um den Preis der Familie M\u00fcter am Start. Damals gewann er die Qualifikation, aber im Finale lief es nicht richtig rund. Diesmal machte er es umgekehrt \u2013 ein Abwurf in der Qualifikation, daf\u00fcr zwei blitzsaubere Runden im Finale und mit 44,41 Sekunden die schnellste Zeit im vierk\u00f6pfigen Stechen. Partner des Erfolgs war der zehnj\u00e4hrige Zycarlo Z v. Zandor Z, den Volmer von Johannes Ehning zur Verf\u00fcgung gestellt bekommen hat. Bei Ehning arbeitet Volmer halbtags. Den Rest des Tages k\u00fcmmert er sich daheim um die Pferde. Seine ganze Familie ist seit Generationen im Pferdesport aktiv. Er selbst war zehn Jahre jung, als er sein erstes M-Springen gewann. Seither hat er Deutschland mehrfach bei Nachwuchs-Europameisterschaften vertreten, war wie gesagt hier in Aachen am Start und vieles mehr. Er bringt also reichlich Erfahrung mit. Er sagt dennoch: \u201eZu gewinnen ist nat\u00fcrlich immer sch\u00f6n. Aber hier in Aachen zu gewinnen, das ist doch nochmal etwas ganz Besonderes!\u201c<br><br>Denn auch wenn das Finale nicht wie in den Vorjahren im Hauptstadion stattfand, Zuschauer gab es reichlich. Gef\u00fchlt hatte sich ganz Aachen aufgemacht, um den Soerser Sonntag zu genie\u00dfen, zu shoppen, zu schlemmen und zu schauen. Wie Franziska M\u00fcller, die Zweitplatzierte, sagte: \u201eNach dieser langen Corona-Zeit ist es so sch\u00f6n, wenn man schon beim Einritt mit Applaus begr\u00fc\u00dft wird!\u201c Den gab es f\u00fcr sie nicht nur beim Ein-, sondern auch beim Ausritt, nachdem sie mit ihrer Rheinl\u00e4nder Stute Cornado\u2019s Queen fehlerfrei in der zweitschnellsten Zeit von 45,75 Sekunden ins Ziel gekommen war. F\u00fcr sie ist es der zweite Start im Finale von Deutschlands U25 Springpokal. Letztes Jahr war sie Dritte, dieses Jahr Zweite und n\u00e4chstes Jahr? Das Ziel ist klar! Zumal Franziska sagt, dass ihrer Stute, die \u00fcbrigens schon als Fohlen zu Familie M\u00fcller kam, gro\u00dfe Rasenpl\u00e4tze liegen.<br><br>Rang drei ging an ein neues Gesicht in Aachen: Christin Wascher im Sattel des elfj\u00e4hrigen Oldenburger Hengstes Quincy v. Quintero. Die 23-J\u00e4hrige war heute erste Reiterin im Stechen und legte eine fehlerfreie Runde vor. Am Ende waren ihre 48,39 Sekunden aber nicht schnell genug. Christin war schon im Pony- und Juniorenalter mehrfach unter anderem bei Deutschen Meisterschaften erfolgreich. Doch f\u00fcr die U25-Tour habe ihr bislang das Pferd gefehlt, berichtete sie. Mit dem Quintero-Sohn Quincy, den sie seit 2020 auf Turnieren vorstellt, hat sie nun eines f\u00fcr die gro\u00dfen Aufgaben auf dem Weg in den Spitzensport. \u00a0<br><br>Pech hatte Paar Nummer vier im Stechen, Emilia L\u00f6ser und Lesodero. Die Reiterin im Team von Andreas Kreuzer und ihr 13-j\u00e4hriger Lordanos-Sohn lieferten die schnellste Zeit von 43,98 Sekunden, hatten aber einen Abwurf, so dass es \u201enur\u201c Rang vier wurde.\u00a0<br><br><\/p>\n","protected":false},"excerpt":{"rendered":"<p>Vor vier Tagen feierte Lars Volmer seinen 24. Geburtstag. Das sch\u00f6nste Geschenk machte er sich heute nachtr\u00e4glich selbst im Finale von Deutschlands U25 Springpokal der Stiftung Deutscher Spitzenpferdesport, Preis der Familie M\u00fcter. 2017 war Lars Volmer zum ersten Mal in Deutschlands U25 Springpokal um den Preis der Familie M\u00fcter am &hellip; <a class=\"kt-excerpt-readmore\" href=\"https:\/\/www.spring-reiter.de\/index.php\/2022\/06\/26\/chio-aachen-lars-vollmer-gewinnt-finale-um-den-u25-springpokal-der-stiftung-deutscher-spitzenpferdesport\/\" aria-label=\"CHIO Aachen: Lars Vollmer gewinnt Finale um den U25 Springpokal der Stiftung Deutscher Spitzenpferdesport!\">Weiterlesen<\/a><\/p>\n","protected":false},"author":2,"featured_media":53478,"comment_status":"closed","ping_status":"open","sticky":false,"template":"","format":"standard","meta":{"footnotes":""},"categories":[1],"tags":[],"class_list":["post-53476","post","type-post","status-publish","format-standard","has-post-thumbnail","hentry","category-allgemein"],"translation":{"provider":"WPGlobus","version":"3.0.2","language":"de","enabled_languages":["de","en"],"languages":{"de":{"title":true,"content":true,"excerpt":false},"en":{"title":false,"content":false,"excerpt":false}}},"_links":{"self":[{"href":"https:\/\/www.spring-reiter.de\/index.php\/wp-json\/wp\/v2\/posts\/53476","targetHints":{"allow":["GET"]}}],"collection":[{"href":"https:\/\/www.spring-reiter.de\/index.php\/wp-json\/wp\/v2\/posts"}],"about":[{"href":"https:\/\/www.spring-reiter.de\/index.php\/wp-json\/wp\/v2\/types\/post"}],"author":[{"embeddable":true,"href":"https:\/\/www.spring-reiter.de\/index.php\/wp-json\/wp\/v2\/users\/2"}],"replies":[{"embeddable":true,"href":"https:\/\/www.spring-reiter.de\/index.php\/wp-json\/wp\/v2\/comments?post=53476"}],"version-history":[{"count":0,"href":"https:\/\/www.spring-reiter.de\/index.php\/wp-json\/wp\/v2\/posts\/53476\/revisions"}],"wp:featuredmedia":[{"embeddable":true,"href":"https:\/\/www.spring-reiter.de\/index.php\/wp-json\/wp\/v2\/media\/53478"}],"wp:attachment":[{"href":"https:\/\/www.spring-reiter.de\/index.php\/wp-json\/wp\/v2\/media?parent=53476"}],"wp:term":[{"taxonomy":"category","embeddable":true,"href":"https:\/\/www.spring-reiter.de\/index.php\/wp-json\/wp\/v2\/categories?post=53476"},{"taxonomy":"post_tag","embeddable":true,"href":"https:\/\/www.spring-reiter.de\/index.php\/wp-json\/wp\/v2\/tags?post=53476"}],"curies":[{"name":"wp","href":"https:\/\/api.w.org\/{rel}","templated":true}]}}