{"id":53858,"date":"2022-07-06T15:27:15","date_gmt":"2022-07-06T13:27:15","guid":{"rendered":"https:\/\/www.spring-reiter.de\/?p=53858"},"modified":"2022-07-06T15:27:19","modified_gmt":"2022-07-06T13:27:19","slug":"neue-etappe-csi-ommen-goes-bemer-riderstour","status":"publish","type":"post","link":"https:\/\/www.spring-reiter.de\/index.php\/2022\/07\/06\/neue-etappe-csi-ommen-goes-bemer-riderstour\/","title":{"rendered":"Neue Etappe: CSI Ommen goes Bemer Riderstour"},"content":{"rendered":"\n<p>Es ist eine Premiere: Zum ersten Mal ist die internationale BEMER Riders Tour beim CSI3* Ommen zu Gast. Mit Reiterinnen und Reitern aus 16 Nationen erlebt die Serie eine garantiert spannende und ganz neue dritte Etappe in den Niederlanden. Sowohl die Initiatoren Paul Schockem\u00f6hle, Francois und Ullrich Kasselmann, als auch Titelsponsor BEMER Int. AG freuen sich auf den neuen Standort. Der Titelverteidiger ist auch dabei: Patrick St\u00fchlmeyer aus Deutschland konnte die Tour 2021 gewinnen und ist hochmotiviert f\u00fcr eine Wiederholung.<\/p>\n\n\n\n<p><br><strong>Titelverteidiger trifft Rankingspitze<\/strong><br>In Ommen trifft der Titelverteidiger auch auf die aktuelle Ranking-Spitze. W\u00e4hrend St\u00fchlmeyer bereits \u201cRider of the Year\u201d ist, kann David Will aus Dagobertshausen das noch werden. Der Mannschafts-Vize-Europameister freut sich auf das CSI3* in Ommen. Will gewann in M\u00fcnchen die zweite Tour Etappe und rangiert zusammen mit Janne Friederike Meyer-Zimmermann (Pinneberg) auf Position eins mit 20 Punkten. Jetzt nimmt er Kurs auf Etappe Nummer drei. \u201cIch war schon in Ommen, das ist bestimmt sieben Jahre oder so her\u201d, erinnert sich Will, \u201caber es war damals schon ein tolles Turnier. Au\u00dferdem bin ich gut befreundet mit Hendrik-Jan und Frank Schuttert, den Veranstaltern.\u201d F\u00fcr den Gro\u00dfen Preis, der die Wertungspr\u00fcfung der BEMER Riders Tour am Sonntag sein wird, plant David Will mit Concordia, Tochter seines einstigen Erfolgspferdes Colorit.<\/p>\n\n\n\n<p><br><strong>Reichlich Konkurrenz<\/strong><br>Renommierte Reiterinnen und Reiter wie der frisch gebackene Hickstead-Derbysieger Shane Breen (Irland), Gastgeber Frank und Hendrik-Jan Schuttert, Mathijs van Asten sowie die beiden US-Amerikaner Lucas und Will Porter, die bei Jeroen Dubbeldam trainieren, stehen auf der Teilnehmerliste. \u00a0<\/p>\n\n\n\n<p><strong>Wann? Wie? Wo zu sehen?<\/strong><br>Zweimal geht es in den Niederlanden um die prestigetr\u00e4chtige Serie, die 2001 aus der Taufe gehoben wurde: Zum einen in der Qualifikationspr\u00fcfung, einem internationalen Springen mit Stechen. Diese Pr\u00fcfung ist der Tagesh\u00f6hepunkt der gro\u00dfen Tour am Freitag. Die besten 50 Paare dieser Qualifikation treten dann in umgekehrter Reihenfolge in der Wertungspr\u00fcfung der BEMER Riders Tour am Sonntag, dem Grand Prix van het Vechtdal powered by Handelshuis Schuttert &amp; Provincie Overijssel mit zwei Uml\u00e4ufen an. &nbsp;<\/p>\n\n\n\n<p><br>Live zu sehen ist die dritte Etappe der BEMER Riders Tour beim CSI3* Ommen in den Niederlanden bei <a href=\"https:\/\/7s4ch.r.a.d.sendibm1.com\/mk\/cl\/f\/PPHHa8_JhDI4aY3_BbDQZOM55cMGjbq3j_84h4ctvHYNGFQCNjSqv2Gp9nnpLayad9egQbBlIX3C-DymYpx1STbHjjJiOgDNeFCnpNru_E7zqVyT9OXr2o2-QZU9jmoxq58FXLKFrdMLXJuq6J7kdYBrtvru_DjwONCVJ6TbNfxAGIfCLdjfpwUFWQ\" target=\"_blank\" rel=\"noreferrer noopener\">clipmyhorse.tv<\/a>. Starter- und Ergebnislisten werden bei <a href=\"https:\/\/7s4ch.r.a.d.sendibm1.com\/mk\/cl\/f\/zlJom-3JejcjWOwGdmOAhPqVQtMzJmLYoyaRtQR2QtQLGKkJa8B7uIu2xAUdQKVwhFitbVjxeALc3gvJRy4flGMPqaisR_J5sIa6t09ZBnsNCCUMC4BS4VkPX_ApGGQbffOts8a-DBTv2tES4NUu3SaHT0N4Q6V2CMgmARZUrT7v13shoSMAy2X8lhKo7D7EwfP3aUs\" target=\"_blank\" rel=\"noreferrer noopener\">www.jumpingdedriehoek.nl<\/a> verf\u00fcgbar sein.<\/p>\n\n\n\n<p><strong>Ranking BEMER Riders Tour nach der zweiten von acht Etappen<\/strong><br>1. Janne Friederike Meyer-Zimmermann (GER), 20 Punkte<br>1. David Will (GER), 20<br>3. Oliver Lazarus (RSA), 17<br>3. Wolfgang Puschak (GER), 17<br>5. Mario Stevens (GER), 15<br>5. Felix Ha\u00dfmann (GER), 15<br>7. Maximilian Weishaupt (GER), 13<br>7. Mathias Norhaeden Johansen (DEN), 13<br>9. Gerrit Nieberg (GER), 11<br>9. Sophie Hinners (GER), 11<br>11. Emanuela Camilli (ITA), 10<br>11. Maximilian Ziegler (GER), 10<br><\/p>\n","protected":false},"excerpt":{"rendered":"<p>Es ist eine Premiere: Zum ersten Mal ist die internationale BEMER Riders Tour beim CSI3* Ommen zu Gast. Mit Reiterinnen und Reitern aus 16 Nationen erlebt die Serie eine garantiert spannende und ganz neue dritte Etappe in den Niederlanden. Sowohl die Initiatoren Paul Schockem\u00f6hle, Francois und Ullrich Kasselmann, als auch &hellip; <a class=\"kt-excerpt-readmore\" href=\"https:\/\/www.spring-reiter.de\/index.php\/2022\/07\/06\/neue-etappe-csi-ommen-goes-bemer-riderstour\/\" aria-label=\"Neue Etappe: CSI Ommen goes Bemer Riderstour\">Weiterlesen<\/a><\/p>\n","protected":false},"author":3,"featured_media":53859,"comment_status":"closed","ping_status":"open","sticky":false,"template":"","format":"standard","meta":{"footnotes":""},"categories":[1],"tags":[],"class_list":["post-53858","post","type-post","status-publish","format-standard","has-post-thumbnail","hentry","category-allgemein"],"translation":{"provider":"WPGlobus","version":"3.0.2","language":"de","enabled_languages":["de","en"],"languages":{"de":{"title":true,"content":true,"excerpt":false},"en":{"title":false,"content":false,"excerpt":false}}},"_links":{"self":[{"href":"https:\/\/www.spring-reiter.de\/index.php\/wp-json\/wp\/v2\/posts\/53858","targetHints":{"allow":["GET"]}}],"collection":[{"href":"https:\/\/www.spring-reiter.de\/index.php\/wp-json\/wp\/v2\/posts"}],"about":[{"href":"https:\/\/www.spring-reiter.de\/index.php\/wp-json\/wp\/v2\/types\/post"}],"author":[{"embeddable":true,"href":"https:\/\/www.spring-reiter.de\/index.php\/wp-json\/wp\/v2\/users\/3"}],"replies":[{"embeddable":true,"href":"https:\/\/www.spring-reiter.de\/index.php\/wp-json\/wp\/v2\/comments?post=53858"}],"version-history":[{"count":0,"href":"https:\/\/www.spring-reiter.de\/index.php\/wp-json\/wp\/v2\/posts\/53858\/revisions"}],"wp:featuredmedia":[{"embeddable":true,"href":"https:\/\/www.spring-reiter.de\/index.php\/wp-json\/wp\/v2\/media\/53859"}],"wp:attachment":[{"href":"https:\/\/www.spring-reiter.de\/index.php\/wp-json\/wp\/v2\/media?parent=53858"}],"wp:term":[{"taxonomy":"category","embeddable":true,"href":"https:\/\/www.spring-reiter.de\/index.php\/wp-json\/wp\/v2\/categories?post=53858"},{"taxonomy":"post_tag","embeddable":true,"href":"https:\/\/www.spring-reiter.de\/index.php\/wp-json\/wp\/v2\/tags?post=53858"}],"curies":[{"name":"wp","href":"https:\/\/api.w.org\/{rel}","templated":true}]}}