{"id":54060,"date":"2022-07-11T12:41:27","date_gmt":"2022-07-11T10:41:27","guid":{"rendered":"https:\/\/www.spring-reiter.de\/?p=54060"},"modified":"2022-07-11T12:41:31","modified_gmt":"2022-07-11T10:41:31","slug":"nachwuchs-em-in-oliva-hat-begonnen-wer-fuer-team-deutschland-startet","status":"publish","type":"post","link":"https:\/\/www.spring-reiter.de\/index.php\/2022\/07\/11\/nachwuchs-em-in-oliva-hat-begonnen-wer-fuer-team-deutschland-startet\/","title":{"rendered":"Nachwuchs-EM in Oliva hat begonnen: Wer f\u00fcr Team Deutschland startet"},"content":{"rendered":"\n<p>Um 8.30 Uhr hat an diesem Montag die Nachwuchs-Europameisterschaft f\u00fcr Children, Junioren und Junge Reiter im spanischen Oliva begonnen, erst einmal mit dem Warm UP f\u00fcr die Junioren. Junge Reiter und Children folgen \u00fcber die Trainings-Parcours der Oliva Nova Arena im genau festgelegten Rhythmus.<\/p>\n\n\n\n<p>Und bei dieser fr\u00fchen Stunde bleibt es auch am Dienstag, wenn der Ernstfall angel\u00e4utet wird: Dann startet die erste Pr\u00fcfung f\u00fcr die Junioren \u00fcber 1,40m. Ab 13.45 Uhr folgt die Auftaktrunde f\u00fcr die Jungen Reiter, w\u00e4hrend die Children mit ihrem ersten Umlauf erst am Mittwoch ins Geschehen eingreifen \u2013 nat\u00fcrlich auch ab 8.30 Uhr. Alle drei Auftaktrunden z\u00e4hlen jeweils f\u00fcrs Einzel und f\u00fcr die Team-Wertung.<\/p>\n\n\n\n<p>Die deutschen Bundestrainer haben eine starke Mannschaft mitgebracht:<\/p>\n\n\n\n<p>Bei den Children starten: Vieca Sofie Bade mit Chades of Grey, Ava Ferch mit Quintessa Lox, Antonia H\u00e4sler mit Dynamite N, Tony Stormanns mit Dia Nova und Lennard Tillmann mit Oreal des Etains Z.<\/p>\n\n\n\n<p>Bei den Junioren gehen f\u00fcr Deutschland ins Rennen: Julius Bleser mit Arramis Fap, Marie Flick mit Ciro, Mick Haunhorst mit Clarimo\u2019s Girl, Naomi Himmelreich mit Vino V\u2019T Kosterhof Z und Fabio Thielen mit Stakaya.<\/p>\n\n\n\n<p>Die Mannschaft der Jungen Reiter besteht aus: Hannes Ahlmann mit Baloucan, Johanna Beckmann mit Emelie van de Mirania Stam, Emilia L\u00f6ser mit Lesodero, Henrike Ostermann mit Air Force One und Titelverteidiger Matthis Westendarp mit Chillert Blue.<\/p>\n\n\n\n<p>Am Sonntag um 17.50, so sieht es der Zeitplan vor, soll mit der letzten Einzelmedaillen-Verleihung \u2013 f\u00fcr die Children \u2013 die EM ihren Abschluss finden.<\/p>\n\n\n\n<p>Die Daumen sind also ab sofort gedr\u00fcckt!<\/p>\n","protected":false},"excerpt":{"rendered":"<p>Um 8.30 Uhr hat an diesem Montag die Nachwuchs-Europameisterschaft f\u00fcr Children, Junioren und Junge Reiter im spanischen Oliva begonnen, erst einmal mit dem Warm UP f\u00fcr die Junioren. Junge Reiter und Children folgen \u00fcber die Trainings-Parcours der Oliva Nova Arena im genau festgelegten Rhythmus. Und bei dieser fr\u00fchen Stunde bleibt &hellip; <a class=\"kt-excerpt-readmore\" href=\"https:\/\/www.spring-reiter.de\/index.php\/2022\/07\/11\/nachwuchs-em-in-oliva-hat-begonnen-wer-fuer-team-deutschland-startet\/\" aria-label=\"Nachwuchs-EM in Oliva hat begonnen: Wer f\u00fcr Team Deutschland startet\">Weiterlesen<\/a><\/p>\n","protected":false},"author":3,"featured_media":43957,"comment_status":"closed","ping_status":"open","sticky":false,"template":"","format":"standard","meta":{"footnotes":""},"categories":[1],"tags":[],"class_list":["post-54060","post","type-post","status-publish","format-standard","has-post-thumbnail","hentry","category-allgemein"],"translation":{"provider":"WPGlobus","version":"3.0.2","language":"de","enabled_languages":["de","en"],"languages":{"de":{"title":true,"content":true,"excerpt":false},"en":{"title":false,"content":false,"excerpt":false}}},"_links":{"self":[{"href":"https:\/\/www.spring-reiter.de\/index.php\/wp-json\/wp\/v2\/posts\/54060","targetHints":{"allow":["GET"]}}],"collection":[{"href":"https:\/\/www.spring-reiter.de\/index.php\/wp-json\/wp\/v2\/posts"}],"about":[{"href":"https:\/\/www.spring-reiter.de\/index.php\/wp-json\/wp\/v2\/types\/post"}],"author":[{"embeddable":true,"href":"https:\/\/www.spring-reiter.de\/index.php\/wp-json\/wp\/v2\/users\/3"}],"replies":[{"embeddable":true,"href":"https:\/\/www.spring-reiter.de\/index.php\/wp-json\/wp\/v2\/comments?post=54060"}],"version-history":[{"count":0,"href":"https:\/\/www.spring-reiter.de\/index.php\/wp-json\/wp\/v2\/posts\/54060\/revisions"}],"wp:featuredmedia":[{"embeddable":true,"href":"https:\/\/www.spring-reiter.de\/index.php\/wp-json\/wp\/v2\/media\/43957"}],"wp:attachment":[{"href":"https:\/\/www.spring-reiter.de\/index.php\/wp-json\/wp\/v2\/media?parent=54060"}],"wp:term":[{"taxonomy":"category","embeddable":true,"href":"https:\/\/www.spring-reiter.de\/index.php\/wp-json\/wp\/v2\/categories?post=54060"},{"taxonomy":"post_tag","embeddable":true,"href":"https:\/\/www.spring-reiter.de\/index.php\/wp-json\/wp\/v2\/tags?post=54060"}],"curies":[{"name":"wp","href":"https:\/\/api.w.org\/{rel}","templated":true}]}}