{"id":54142,"date":"2022-07-13T14:24:12","date_gmt":"2022-07-13T12:24:12","guid":{"rendered":"https:\/\/www.spring-reiter.de\/?p=54142"},"modified":"2022-07-13T16:45:30","modified_gmt":"2022-07-13T14:45:30","slug":"ahlmann-ehning-thieme-wargers-starten-fuer-deutschland-bei-der-wm","status":"publish","type":"post","link":"https:\/\/www.spring-reiter.de\/index.php\/2022\/07\/13\/ahlmann-ehning-thieme-wargers-starten-fuer-deutschland-bei-der-wm\/","title":{"rendered":"Ahlmann, Ehning, Thieme, Wargers starten f\u00fcr Deutschland bei der WM!"},"content":{"rendered":"\n<p>Der Springausschuss des Deutschen Olympiade-Komitees f\u00fcr Reiterei (DOKR) hat die Mannschaft f\u00fcr die Weltmeisterschaft im Springreiten aufgestellt. Das Championat findet vom 6. bis 14. August in Herning in D\u00e4nemark statt \u2013 dort tragen zeitgleich auch die Disziplinen Dressur, Voltigieren und Para-Equestrian ihre WM aus.<br><br>Folgende Reiter und Pferde wurden f\u00fcr die Shortlist nominiert (in alphabetischer Reihenfolge):<\/p>\n\n\n\n<ul class=\"wp-block-list\"><li>Christian Ahlmann (Marl) mit Dominator 2000 Z<\/li><li>Marcus Ehning (Borken) mit Stargold<\/li><li>Andr\u00e9 Thieme (Plau am See) mit DSP Chakaria<\/li><li>Jana Wargers (Emsdetten) mit Limbridge<\/li><\/ul>\n\n\n\n<p>Reservepaar: Janne Friederike Meyer-Zimmermann (Pinneberg) mit Messi van\u2019t Ruytershof<br><br>Bundestrainer Otto Becker sagte zur Nominierung: \u201eIn diesem Jahr war die Entscheidung besonders schwer, denn wir haben viele sehr leistungsstarke Paare. Nach intensiven Beratungen haben wir uns nun f\u00fcr diese f\u00fcnf Paare entschieden.\u201c<\/p>\n\n\n\n<p>Die Europameister Andr\u00e9 Thieme und DSP Chakaria z\u00e4hlen bei der Weltmeisterschaft in Herning in D\u00e4nemark zu den Top-Favoriten auf den Einzel-Titel. Die deutsche Mannschaft muss definitiv auf ein starkes Paar verzichten, das 2021 zum Silber-Team bei der EM in Riesenbeck geh\u00f6rte: David Will und C Vier. Der Holsteiner Wallach ist verkauft worden und startet nun unter irischer Flagge. Auch Maurice Tebbel muss sich wieder neue Spitzenpferde aufbauen. Don Diarado, mit dem Tebbel zum Bronze-Team der Weltreiterspiele 2018 geh\u00f6rte, steht ihm nicht mehr zur Verf\u00fcgung. Die Konkurrenz um den Mannschaftstitel ist gro\u00df, Olympiasieger Schweden z\u00e4hlt mit starken Reitern und Pferden zu den absoluten Top-Favoriten auf Team-Gold.<br>Mit dem Zeitspringen geht es am Mittwoch, dem 10. August, um 8 Uhr los. Am n\u00e4chsten Tag steht ab 10 Uhr der erste Teil des Nationenpreises auf dem Programm. Am Freitag ab 21 Uhr geht es ins Finale des Nationenpreises. Am Sonntag, dem 14. Auguste folgt die Entscheidung um den Einzeltitel in zwei Runden ab 14 Uhr &#8211; wahrscheinlich mit abschlie\u00dfendem Stechen.<br>Mehr Informationen zur WM Springen in Herning gibt es <a href=\"https:\/\/95253.seu2.cleverreach.com\/c\/73495474\/d7d28be44d6aa-reyjlj\">hier<\/a>. <em>(fn-press)<\/em><\/p>\n\n\n\n<p><a href=\"https:\/\/www.clipmyhorse.tv\/de\" target=\"_blank\" rel=\"noreferrer noopener\">ClipMyHorse TV<\/a> \u00fcbertr\u00e4gt alle Springen vom 06. bis 14. August!<\/p>\n","protected":false},"excerpt":{"rendered":"<p>Der Springausschuss des Deutschen Olympiade-Komitees f\u00fcr Reiterei (DOKR) hat die Mannschaft f\u00fcr die Weltmeisterschaft im Springreiten aufgestellt. Das Championat findet vom 6. bis 14. August in Herning in D\u00e4nemark statt \u2013 dort tragen zeitgleich auch die Disziplinen Dressur, Voltigieren und Para-Equestrian ihre WM aus. Folgende Reiter und Pferde wurden f\u00fcr &hellip; <a class=\"kt-excerpt-readmore\" href=\"https:\/\/www.spring-reiter.de\/index.php\/2022\/07\/13\/ahlmann-ehning-thieme-wargers-starten-fuer-deutschland-bei-der-wm\/\" aria-label=\"Ahlmann, Ehning, Thieme, Wargers starten f\u00fcr Deutschland bei der WM!\">Weiterlesen<\/a><\/p>\n","protected":false},"author":3,"featured_media":54143,"comment_status":"closed","ping_status":"open","sticky":false,"template":"","format":"standard","meta":{"footnotes":""},"categories":[1],"tags":[],"class_list":["post-54142","post","type-post","status-publish","format-standard","has-post-thumbnail","hentry","category-allgemein"],"translation":{"provider":"WPGlobus","version":"3.0.2","language":"de","enabled_languages":["de","en"],"languages":{"de":{"title":true,"content":true,"excerpt":false},"en":{"title":false,"content":false,"excerpt":false}}},"_links":{"self":[{"href":"https:\/\/www.spring-reiter.de\/index.php\/wp-json\/wp\/v2\/posts\/54142","targetHints":{"allow":["GET"]}}],"collection":[{"href":"https:\/\/www.spring-reiter.de\/index.php\/wp-json\/wp\/v2\/posts"}],"about":[{"href":"https:\/\/www.spring-reiter.de\/index.php\/wp-json\/wp\/v2\/types\/post"}],"author":[{"embeddable":true,"href":"https:\/\/www.spring-reiter.de\/index.php\/wp-json\/wp\/v2\/users\/3"}],"replies":[{"embeddable":true,"href":"https:\/\/www.spring-reiter.de\/index.php\/wp-json\/wp\/v2\/comments?post=54142"}],"version-history":[{"count":0,"href":"https:\/\/www.spring-reiter.de\/index.php\/wp-json\/wp\/v2\/posts\/54142\/revisions"}],"wp:featuredmedia":[{"embeddable":true,"href":"https:\/\/www.spring-reiter.de\/index.php\/wp-json\/wp\/v2\/media\/54143"}],"wp:attachment":[{"href":"https:\/\/www.spring-reiter.de\/index.php\/wp-json\/wp\/v2\/media?parent=54142"}],"wp:term":[{"taxonomy":"category","embeddable":true,"href":"https:\/\/www.spring-reiter.de\/index.php\/wp-json\/wp\/v2\/categories?post=54142"},{"taxonomy":"post_tag","embeddable":true,"href":"https:\/\/www.spring-reiter.de\/index.php\/wp-json\/wp\/v2\/tags?post=54142"}],"curies":[{"name":"wp","href":"https:\/\/api.w.org\/{rel}","templated":true}]}}