{"id":55291,"date":"2022-08-13T15:47:00","date_gmt":"2022-08-13T13:47:00","guid":{"rendered":"https:\/\/www.spring-reiter.de\/?p=55291"},"modified":"2022-08-13T15:47:09","modified_gmt":"2022-08-13T13:47:09","slug":"wm-einzelfinale-in-herning-ein-oder-zwei-schweden-vorne-oder-doch-fuchs-kuehner-oder-guery","status":"publish","type":"post","link":"https:\/\/www.spring-reiter.de\/index.php\/2022\/08\/13\/wm-einzelfinale-in-herning-ein-oder-zwei-schweden-vorne-oder-doch-fuchs-kuehner-oder-guery\/","title":{"rendered":"WM-Einzelfinale in Herning: Ein oder zwei Schweden vorne &#8211; oder doch Fuchs, K\u00fchner oder Guery?"},"content":{"rendered":"\n<p>Die Zeichen stehen auf Blaugelb, wenn es am morgigen Sonntag ab 14 Uhr in die finalen zwei Runden um die Einzel-Weltmeisterschaft in Herning geht. Nach der Demonstration ihrer Dominanz im Finale des Mannschaftsspringens am Freitagabend werden die Schweden nach den Gesetzen der Wahrscheinlichkeit auch den Einzel-Weltmeister stellen \u2013 mit ein wenig Gl\u00fcck sogar den Vizeweltmeister gleich noch mit.<\/p>\n\n\n\n<p>Mannschafts-Weltmeister und -Olympiasieger Henrik von Eckermann liegt in der Zwischenwertung mit 0,58 Punkten klar an der Spitze \u2013 es ist dieses kleine Minus, das sich aus seiner Distanz im Er\u00f6ffnungs-Zeitspringen als fehlerfreier Vierter zum dortigen Schnellsten, Julien Epaillard, errechnete. Und der Schwede hat mit King Edward einen Partner, der schon bei Olympia in Tokio als Nullmaschine gl\u00e4nzte.<\/p>\n\n\n\n<p>Auf Rang zwei vor dem Finale liegt ein schwedischer Fredricson. Nein, nicht Peder, sondern sein \u00e4lterer Bruder Jens Fredricson. Mit Markan Cosmopolit hat er zur Zeit 2,71 Punkte auf der Uhr. Sein ber\u00fchmterer \u201ekleiner\u201c Bruder hatte am Freitagabend mit H&amp;M All In auch f\u00fcr ihn selbst v\u00f6llig unerkl\u00e4rlich drei Abw\u00fcrfe und dann auf seine Teilnahme am Finale verzichtet.<\/p>\n\n\n\n<p>Auf Rang drei der Zwischenwertung folgt mit 3,35 Punkten Jerome Guery mit Quel Homme de Hus vor Martin Fuchs und Leone Jei mit 4,36 Punkten.<\/p>\n\n\n\n<p>Dahinter, auf Zwischenplatz f\u00fcnf, wartet mit Max K\u00fchner einer, \u00a0der schon vor vier Jahren, bei der letzten WM, im US-amerikanischen Tryon dicht dran war. Damals sa\u00df er auf Chardonnay, war bis zum Ende des ersten Umlaufs am Finaltag sogar Zweiter hinter der sp\u00e4teren Siegerin Simone Blum auf Alice. Doch im zweiten und letzten Sonntags-Umlauf sammelten sich pl\u00f6tzlich neun Fehlerpunkte auf seinem Konto \u2013 was am Ende Rang sechs bedeutete. Auch damals in direkter Konkurrenz mit Martin Fuchs, 2018 auf Clooney. <\/p>\n\n\n\n<p>Diese Beiden sind die einzigen, die nach den vier Jahren wieder um die Medaillen mitreiten. Martin Fuchs hat diesmal Leone Jei gesattelt \u2013 und Max K\u00fchner wird mit Elektric Blue P alles tun, um seinen sechsten Platz von Tryon zu toppen. Weniger als ein Abwurf ist er von Henrik von Eckermann entfernt \u2013 und vielleicht tr\u00e4gt ihn seine Begeisterung \u00fcber sein Pferd vom Freitagabend ja zus\u00e4tzlich durch den Parcours: \u201eBlue hat sich echt wohl gef\u00fchlt in der Arena und ist mit ganz viel Leichtigkeit gesprungen. Es war eigentlich nur reiner Spa\u00df und Freude!\u201c<\/p>\n\n\n\n<p>Aus Deutschland gehen nach Andr\u00e9 Thiemes Sturz und der vorzeitigen Abreise von Christian Ahlmann noch zwei in dem Finale an den Start, die sicher alles tun werden, um sich weiter nach vorne zu k\u00e4mpfen: Jana Wargers als Beste mit Limbridge auf Rang 17 mit 9,08 Punkten und Marcus Ehning mit Stargold auf Rang 22 mit 10,04 Punkten. <\/p>\n\n\n\n<p>Die komplette Startliste <a href=\"https:\/\/results.hippodata.de\/2022\/2124\/docs\/s_j3a_v4.pdf\" target=\"_blank\" rel=\"noreferrer noopener\">hier<\/a><\/p>\n","protected":false},"excerpt":{"rendered":"<p>Die Zeichen stehen auf Blaugelb, wenn es am morgigen Sonntag ab 14 Uhr in die finalen zwei Runden um die Einzel-Weltmeisterschaft in Herning geht. Nach der Demonstration ihrer Dominanz im Finale des Mannschaftsspringens am Freitagabend werden die Schweden nach den Gesetzen der Wahrscheinlichkeit auch den Einzel-Weltmeister stellen \u2013 mit ein &hellip; <a class=\"kt-excerpt-readmore\" href=\"https:\/\/www.spring-reiter.de\/index.php\/2022\/08\/13\/wm-einzelfinale-in-herning-ein-oder-zwei-schweden-vorne-oder-doch-fuchs-kuehner-oder-guery\/\" aria-label=\"WM-Einzelfinale in Herning: Ein oder zwei Schweden vorne &#8211; oder doch Fuchs, K\u00fchner oder Guery?\">Weiterlesen<\/a><\/p>\n","protected":false},"author":3,"featured_media":55301,"comment_status":"closed","ping_status":"open","sticky":false,"template":"","format":"standard","meta":{"footnotes":""},"categories":[1],"tags":[],"class_list":["post-55291","post","type-post","status-publish","format-standard","has-post-thumbnail","hentry","category-allgemein"],"translation":{"provider":"WPGlobus","version":"3.0.2","language":"de","enabled_languages":["de","en"],"languages":{"de":{"title":true,"content":true,"excerpt":false},"en":{"title":false,"content":false,"excerpt":false}}},"_links":{"self":[{"href":"https:\/\/www.spring-reiter.de\/index.php\/wp-json\/wp\/v2\/posts\/55291","targetHints":{"allow":["GET"]}}],"collection":[{"href":"https:\/\/www.spring-reiter.de\/index.php\/wp-json\/wp\/v2\/posts"}],"about":[{"href":"https:\/\/www.spring-reiter.de\/index.php\/wp-json\/wp\/v2\/types\/post"}],"author":[{"embeddable":true,"href":"https:\/\/www.spring-reiter.de\/index.php\/wp-json\/wp\/v2\/users\/3"}],"replies":[{"embeddable":true,"href":"https:\/\/www.spring-reiter.de\/index.php\/wp-json\/wp\/v2\/comments?post=55291"}],"version-history":[{"count":0,"href":"https:\/\/www.spring-reiter.de\/index.php\/wp-json\/wp\/v2\/posts\/55291\/revisions"}],"wp:featuredmedia":[{"embeddable":true,"href":"https:\/\/www.spring-reiter.de\/index.php\/wp-json\/wp\/v2\/media\/55301"}],"wp:attachment":[{"href":"https:\/\/www.spring-reiter.de\/index.php\/wp-json\/wp\/v2\/media?parent=55291"}],"wp:term":[{"taxonomy":"category","embeddable":true,"href":"https:\/\/www.spring-reiter.de\/index.php\/wp-json\/wp\/v2\/categories?post=55291"},{"taxonomy":"post_tag","embeddable":true,"href":"https:\/\/www.spring-reiter.de\/index.php\/wp-json\/wp\/v2\/tags?post=55291"}],"curies":[{"name":"wp","href":"https:\/\/api.w.org\/{rel}","templated":true}]}}