{"id":55692,"date":"2022-08-27T17:24:55","date_gmt":"2022-08-27T15:24:55","guid":{"rendered":"https:\/\/www.spring-reiter.de\/?p=55692"},"modified":"2022-08-27T21:24:12","modified_gmt":"2022-08-27T19:24:12","slug":"nach-unwetter-redefin-muss-pferdetag-fuer-heute-absagen","status":"publish","type":"post","link":"https:\/\/www.spring-reiter.de\/index.php\/2022\/08\/27\/nach-unwetter-redefin-muss-pferdetag-fuer-heute-absagen\/","title":{"rendered":"Nach Unwetter: Redefin muss Pferdetag f\u00fcr heute absagen"},"content":{"rendered":"\n<p>Nach einem heftigen Unwetter in der Nacht und sehr viel Niederschlag mussten die Pferdetage mit der gro\u00dfen Hengstparade f\u00fcr heute Samstag, den 27.08.2022 leider abgesagt werden.<br>Die Platzverh\u00e4ltnisse und die gesamte Logistik sind so in Mitleidenschaft gezogen worden, dass eine f\u00fcr alle sichere Durchf\u00fchrung nicht m\u00f6glich ist.<br>Die Sicherheit geht vor und die Gesundheit f\u00fcr Mensch und Tier muss absolut gew\u00e4hrleistet sein. Um die weiteren Veranstaltungen nicht zu gef\u00e4hrden haben wir uns f\u00fcr den heutigen Tag schmerzlich dazu entschlossen die Veranstaltung abzusagen.<br>Die Karten behalten Ihre G\u00fcltigkeit f\u00fcr die kommenden Veranstaltungen am morgigen 28.08. oder auch am 03. bzw. 04.09.2022. Sitzpl\u00e4tze sind f\u00fcr die Karten vorhanden, es kann aber der gebuchte Sitzplatz nicht in jedem Fall gew\u00e4hrleistet werden.<br>Das Team des Landgest\u00fctes ist sehr bedr\u00fcckt nach den langen Vorbereitungen, aber Sicherheit geht einfach vor. Wir freuen uns auf die n\u00e4chsten Veranstaltungen und hoffen auf das Verst\u00e4ndnis unserer Besucher.<\/p>\n\n\n\n<p>Und am Samstagabend stand dann fest: Am Sonntag erfolgt der Start der ersten Veranstaltung der Pferdetage!<br>Das Wasser ist weitestgehend beseitigt, die Voraussetzungen wieder gut, nun soll es losgehen mit den diesj\u00e4hrigen Pferdetagen.<br>Alle Mitarbeiter des Landgest\u00fctes waren am heutigen Samstag mit dem Aufr\u00e4umen besch\u00e4ftigt. Wasser wurde abgeleitet und viele Stellen auf dem Gel\u00e4nde trockengelegt.<\/p>\n\n\n\n<p><a href=\"http:\/\/www.landgestuet-redefin.de\" target=\"_blank\" rel=\"noreferrer noopener\">www.landgestuet-redefin.de<\/a><\/p>\n","protected":false},"excerpt":{"rendered":"<p>Nach einem heftigen Unwetter in der Nacht und sehr viel Niederschlag mussten die Pferdetage mit der gro\u00dfen Hengstparade f\u00fcr heute Samstag, den 27.08.2022 leider abgesagt werden.Die Platzverh\u00e4ltnisse und die gesamte Logistik sind so in Mitleidenschaft gezogen worden, dass eine f\u00fcr alle sichere Durchf\u00fchrung nicht m\u00f6glich ist.Die Sicherheit geht vor und &hellip; <a class=\"kt-excerpt-readmore\" href=\"https:\/\/www.spring-reiter.de\/index.php\/2022\/08\/27\/nach-unwetter-redefin-muss-pferdetag-fuer-heute-absagen\/\" aria-label=\"Nach Unwetter: Redefin muss Pferdetag f\u00fcr heute absagen\">Weiterlesen<\/a><\/p>\n","protected":false},"author":3,"featured_media":55693,"comment_status":"closed","ping_status":"open","sticky":false,"template":"","format":"standard","meta":{"footnotes":""},"categories":[1],"tags":[],"class_list":["post-55692","post","type-post","status-publish","format-standard","has-post-thumbnail","hentry","category-allgemein"],"translation":{"provider":"WPGlobus","version":"3.0.2","language":"de","enabled_languages":["de","en"],"languages":{"de":{"title":true,"content":true,"excerpt":false},"en":{"title":false,"content":false,"excerpt":false}}},"_links":{"self":[{"href":"https:\/\/www.spring-reiter.de\/index.php\/wp-json\/wp\/v2\/posts\/55692","targetHints":{"allow":["GET"]}}],"collection":[{"href":"https:\/\/www.spring-reiter.de\/index.php\/wp-json\/wp\/v2\/posts"}],"about":[{"href":"https:\/\/www.spring-reiter.de\/index.php\/wp-json\/wp\/v2\/types\/post"}],"author":[{"embeddable":true,"href":"https:\/\/www.spring-reiter.de\/index.php\/wp-json\/wp\/v2\/users\/3"}],"replies":[{"embeddable":true,"href":"https:\/\/www.spring-reiter.de\/index.php\/wp-json\/wp\/v2\/comments?post=55692"}],"version-history":[{"count":0,"href":"https:\/\/www.spring-reiter.de\/index.php\/wp-json\/wp\/v2\/posts\/55692\/revisions"}],"wp:featuredmedia":[{"embeddable":true,"href":"https:\/\/www.spring-reiter.de\/index.php\/wp-json\/wp\/v2\/media\/55693"}],"wp:attachment":[{"href":"https:\/\/www.spring-reiter.de\/index.php\/wp-json\/wp\/v2\/media?parent=55692"}],"wp:term":[{"taxonomy":"category","embeddable":true,"href":"https:\/\/www.spring-reiter.de\/index.php\/wp-json\/wp\/v2\/categories?post=55692"},{"taxonomy":"post_tag","embeddable":true,"href":"https:\/\/www.spring-reiter.de\/index.php\/wp-json\/wp\/v2\/tags?post=55692"}],"curies":[{"name":"wp","href":"https:\/\/api.w.org\/{rel}","templated":true}]}}