{"id":55729,"date":"2022-08-28T13:34:45","date_gmt":"2022-08-28T11:34:45","guid":{"rendered":"https:\/\/www.spring-reiter.de\/?p=55729"},"modified":"2022-08-28T14:41:47","modified_gmt":"2022-08-28T12:41:47","slug":"eef-nationenpreis-finale-in-warschau-das-sind-die-fuenf-reiter-von-team-deutschland","status":"publish","type":"post","link":"https:\/\/www.spring-reiter.de\/index.php\/2022\/08\/28\/eef-nationenpreis-finale-in-warschau-das-sind-die-fuenf-reiter-von-team-deutschland\/","title":{"rendered":"EEF-Nationenpreis-Finale in Warschau: Das sind die f\u00fcnf Reiter von Team Deutschland"},"content":{"rendered":"\n<p>Bevor in einem Monat die Erste Liga ihr Longines FEI Nationenpreis-Finale in Barcelona feiert, steht in zwei Wochen das Nations Cup Finale der Nachwuchs-Liga an: Beim CSIO4* in Warschau treten elf europ\u00e4ische Teams im Longines EEF Finale gegeneinander an. Deutschland und Gastgeber Polen, \u00d6sterreich und Belgien, Spanien und Niederlande, Irland und Portugal, Schweden und Unganr \u2013 sowie die nachger\u00fcckten Italiener. Denn das eigentlich qualifizierte Team Schweiz hat verzichtet, weil zeitgleich dort die Landesmeisterschaften terminiert wurden.<\/p>\n\n\n\n<p>Deutschlands Bundestrainer Otto Becker schickt f\u00fcnf zum CSIO nach Warschau, die gerade in den vergangenen Monaten \u2013 auch bei EEF Nationenpreisen \u2013 ihre Qualit\u00e4t bewiesen haben: Sophie Hinners und Katrin Eckermann reisen gemeinsam mit dem Deutschen Meister Mario Stevens sowie Sven Schl\u00fcsselburg und dem Holsteiner Talent Hannes Ahlmann in die Millionenstadt an der Weichsel. Dabei sein wird leider nicht Sophie Hinners st\u00e4rkster Partner, denn Million Dollar muss sich noch von seiner OP erholen. Wen sie statt dessen sattelt, ist noch nicht entschieden. \u00dcberhaupt ist die Pferdefrage noch ein Extra-Problem: Denn, so erkl\u00e4rt es Otto Becker, &#8222;Paare, die im laufenden Jahr an einem 5*-Nationenpreis teilgenommen haben, d\u00fcrfen im Nationenpreis in Warschau nicht starten&#8220;.<\/p>\n\n\n\n<p>Eines der vielversprechenden Teams schickt auch Irland mit Trevor Breen und dem Riesenbecker Eoin McMahon, aus \u00d6sterreich kommt unter anderem WM-Reiterin Katharina Rhomberg, aus Belgien Wilm Vermeir, aus Spanien Eduardo Alvarez Aznar und aus den Niederlanden Marc Houtzager. Es verspricht also, spannend zu werden.<\/p>\n\n\n\n<p>Auf die Zielgerade geht es als kr\u00f6nender Abschluss des Warschauer CSIO4* am Sonntag, dem 11. September, mit zwei Runden \u00fcber 1,50m.<\/p>\n","protected":false},"excerpt":{"rendered":"<p>Bevor in einem Monat die Erste Liga ihr Longines FEI Nationenpreis-Finale in Barcelona feiert, steht in zwei Wochen das Nations Cup Finale der Nachwuchs-Liga an: Beim CSIO4* in Warschau treten elf europ\u00e4ische Teams im Longines EEF Finale gegeneinander an. Deutschland und Gastgeber Polen, \u00d6sterreich und Belgien, Spanien und Niederlande, Irland &hellip; <a class=\"kt-excerpt-readmore\" href=\"https:\/\/www.spring-reiter.de\/index.php\/2022\/08\/28\/eef-nationenpreis-finale-in-warschau-das-sind-die-fuenf-reiter-von-team-deutschland\/\" aria-label=\"EEF-Nationenpreis-Finale in Warschau: Das sind die f\u00fcnf Reiter von Team Deutschland\">Weiterlesen<\/a><\/p>\n","protected":false},"author":3,"featured_media":55730,"comment_status":"closed","ping_status":"open","sticky":false,"template":"","format":"standard","meta":{"footnotes":""},"categories":[1],"tags":[],"class_list":["post-55729","post","type-post","status-publish","format-standard","has-post-thumbnail","hentry","category-allgemein"],"translation":{"provider":"WPGlobus","version":"3.0.2","language":"de","enabled_languages":["de","en"],"languages":{"de":{"title":true,"content":true,"excerpt":false},"en":{"title":false,"content":false,"excerpt":false}}},"_links":{"self":[{"href":"https:\/\/www.spring-reiter.de\/index.php\/wp-json\/wp\/v2\/posts\/55729","targetHints":{"allow":["GET"]}}],"collection":[{"href":"https:\/\/www.spring-reiter.de\/index.php\/wp-json\/wp\/v2\/posts"}],"about":[{"href":"https:\/\/www.spring-reiter.de\/index.php\/wp-json\/wp\/v2\/types\/post"}],"author":[{"embeddable":true,"href":"https:\/\/www.spring-reiter.de\/index.php\/wp-json\/wp\/v2\/users\/3"}],"replies":[{"embeddable":true,"href":"https:\/\/www.spring-reiter.de\/index.php\/wp-json\/wp\/v2\/comments?post=55729"}],"version-history":[{"count":0,"href":"https:\/\/www.spring-reiter.de\/index.php\/wp-json\/wp\/v2\/posts\/55729\/revisions"}],"wp:featuredmedia":[{"embeddable":true,"href":"https:\/\/www.spring-reiter.de\/index.php\/wp-json\/wp\/v2\/media\/55730"}],"wp:attachment":[{"href":"https:\/\/www.spring-reiter.de\/index.php\/wp-json\/wp\/v2\/media?parent=55729"}],"wp:term":[{"taxonomy":"category","embeddable":true,"href":"https:\/\/www.spring-reiter.de\/index.php\/wp-json\/wp\/v2\/categories?post=55729"},{"taxonomy":"post_tag","embeddable":true,"href":"https:\/\/www.spring-reiter.de\/index.php\/wp-json\/wp\/v2\/tags?post=55729"}],"curies":[{"name":"wp","href":"https:\/\/api.w.org\/{rel}","templated":true}]}}